{"id":970,"date":"2012-07-03T16:15:05","date_gmt":"2012-07-03T14:15:05","guid":{"rendered":"http:\/\/www.gedichtladen.de\/blog\/?p=970"},"modified":"2024-09-29T15:09:29","modified_gmt":"2024-09-29T13:09:29","slug":"kolumne-kw27-kw28","status":"publish","type":"post","link":"https:\/\/www.gedichtladen.de\/blog\/archive\/970","title":{"rendered":"Kolumne KW27 \/ KW28"},"content":{"rendered":"<p><strong>Dank an viele Helfer (Jetzt die 7. Auflage)<\/strong><\/p>\n<p>&nbsp;<\/p>\n<p>Jetzt gab es noch einige N\u00e4chte mit Liane, die tapfer mit stilistischen Schnitzern k\u00e4mpf\u00adte. Rositha hatte Stunden um Stunden hinge\u00adbracht, um &#8222;Klarheit und Wahn&#8220; zu schleifen und die vielen &#8222;Dann&#8220; zu bek\u00e4mpfen, wie sie einem Bericht nun mal anhaften.<\/p>\n<p>\n&#8222;Dann&#8220; war Andrea auch nicht so begeistert von dem Schluss. Eine ganze Auflage musste eingestampft werden, weil er mir selbst nicht gefiel. Sie ist aber nicht die Ehefrau, die ei\u00adnem genau sagt, wie&#8217;s langgeht, und wie man es oft antrifft. Es sei mein Buch, betont sie immer wieder, obwohl doch das Sch\u00f6nste daran ein Gedicht von ihrer Hand ist.<\/p>\n<p><!--more-->Die Dinge haben sich auch noch hingezogen. Ein Hochzeitstag, der zehnte, war zu absol\u00advieren und wir k\u00f6nnen stolz auf diese Zeit sein, die uns Gott in Gesundheit und Gl\u00fcck gew\u00e4hrte. Dass wir als Draufgabe auch noch unsere Liebe haben, davon kann man sich selbst ein Bild machen.<\/p>\n<p>\nManch einer sagt, dass so Privates nicht ver\u00ad\u00f6ffentlichbar ist, andere meinen aber, dass es das ehrlichste Buch ist, das sie je lasen. Inte\u00adres\u00adsant und sch\u00f6n sei es noch dazu. Man kann wirklich auch sagen, dass es kaum eine be\u00adkann\u00adte Darstellung gibt einer Wanderung durch heimatliche Gefilde, die dennoch auch einen beachtlichen Aktionsradius hatte. Noch seltener trifft man Beschreibungen \u00fcber den Klinikalltag in einer psychiatrischen Einrich\u00adtung an, den viele Erfahrene schon ausf\u00fchr\u00adlich beschreiben wollten, aber es meistens daran gebricht, die Einzelheiten wirklich noch zusammenzubekommen, weil man meistens froh ist, das hinter sich zu haben und dann in Schweigen verf\u00e4llt.<\/p>\n<p>\nIm R\u00fcckblick kann man sagen, dass die sechs turbulenten Wochen der so genannten Os\u00adter\u00adfreudenzeit, die f\u00fcr mich in einer illegalen Unterbringung endeten, ich also weggesperrt wurde, doch ihre Fr\u00fcchte getragen haben. Die Ideen waren schon psychotisch, aber man k\u00f6nnte auch der Meinung sein, dass solche Vorstellungen jeder mal hat und man sie auch gut mit sich selbst aus\u00admachen kann, denn die Gedanken sind doch frei, oder?<\/p>\n<p>\nManch einer ist nun der Meinung, das alles k\u00f6nne man sich ja mal freundlicherweise durchlesen und meint, er w\u00fcrde mir damit einen Gefallen tun. Aber die \u00fcber Jahre entwickelte Schreiberfahrung und die Dicht\u00adkunst, so glaube ich, berechtigen mich, das als ein kleines Kunstwerk anzusehen, wenn es auch ein getreuer Bericht ist; denn oft liegen Einsch\u00e4tzungen einfach in dem, wie man etwas zum Ausdruck bringt.<\/p>\n<p>\nNat\u00fcrlich gibt es auch Menschen, die mei\u00adnem Schreiben ablehnend gegen\u00fcberstehen, und diese bitte ich um Nachsicht. Jeder hat die M\u00f6glichkeit, seine eigene Sicht zusam\u00admen\u00adh\u00e4ngend darzustellen und die Entschei\u00addung \u00fcber das, was Kunst sein will, liegt meines Erachtens immer noch beim Markt. So verkannt, wie man auch immer sein mag, eines Tages tritt diese Wirkung ein und keiner wird bestreiten, dass irgendwann hoch gehandelte Kunstwerke, auch wirklich Kunstwerke sind.<\/p>\n<p>\nDas mag eine Weile dauern und manchmal reicht die Lebenszeit nicht aus, um einer An\u00ader\u00adkennung teilhaftig zu werden. Sei&#8217;s drum.<\/p>\n<p>\nDie Sache mit XY  \u2013 meine Imagination.<br \/>\nDu sagst, Du wusstest das immer schon.<br \/>\n&#8222;Alle falschen Wegweiser hinter sich lassen!&#8220;<br \/>\nDu sagst, dass Du sie begreifst.<br \/>\nReizenden Frauen unter den Rock zu fassen,<br \/>\nwelch k\u00fchner Gedanke, nur Du schweifst \u2013 nicht.<br \/>\n&#8222;Bin Herrin meiner Ehre und meines guten Rufes,<br \/>\nnicht aber meines Herzens.&#8220;<br \/>\nDu sagst, dass Du das begreifst.<br \/>\nHerr Deines Herzens, vielleicht bin ich&#8217;s.<br \/>\nDu sagst, dass Du mich begreifst,<br \/>\nmich immer wieder in Deiner LIEBE streifst.<\/p>\n<p>\n<em>Im Waltersdorfe 2.7.2012<\/em><\/p>\n","protected":false},"excerpt":{"rendered":"<p>Dank an viele Helfer (Jetzt die 7. Auflage) &nbsp; Jetzt gab es noch einige N\u00e4chte mit Liane, die tapfer mit stilistischen Schnitzern k\u00e4mpf\u00adte. Rositha hatte Stunden um Stunden hinge\u00adbracht, um &#8222;Klarheit und Wahn&#8220; zu schleifen und die vielen &#8222;Dann&#8220; zu&#8230;<br \/><a class=\"read-more-button\" href=\"https:\/\/www.gedichtladen.de\/blog\/archive\/970\">Mehr Lesen<\/a><\/p>\n","protected":false},"author":1,"featured_media":0,"comment_status":"closed","ping_status":"closed","sticky":false,"template":"","format":"standard","meta":{"footnotes":""},"categories":[12],"tags":[],"class_list":["post-970","post","type-post","status-publish","format-standard","hentry","category-kolumne"],"_links":{"self":[{"href":"https:\/\/www.gedichtladen.de\/blog\/wp-json\/wp\/v2\/posts\/970","targetHints":{"allow":["GET"]}}],"collection":[{"href":"https:\/\/www.gedichtladen.de\/blog\/wp-json\/wp\/v2\/posts"}],"about":[{"href":"https:\/\/www.gedichtladen.de\/blog\/wp-json\/wp\/v2\/types\/post"}],"author":[{"embeddable":true,"href":"https:\/\/www.gedichtladen.de\/blog\/wp-json\/wp\/v2\/users\/1"}],"replies":[{"embeddable":true,"href":"https:\/\/www.gedichtladen.de\/blog\/wp-json\/wp\/v2\/comments?post=970"}],"version-history":[{"count":11,"href":"https:\/\/www.gedichtladen.de\/blog\/wp-json\/wp\/v2\/posts\/970\/revisions"}],"predecessor-version":[{"id":4427,"href":"https:\/\/www.gedichtladen.de\/blog\/wp-json\/wp\/v2\/posts\/970\/revisions\/4427"}],"wp:attachment":[{"href":"https:\/\/www.gedichtladen.de\/blog\/wp-json\/wp\/v2\/media?parent=970"}],"wp:term":[{"taxonomy":"category","embeddable":true,"href":"https:\/\/www.gedichtladen.de\/blog\/wp-json\/wp\/v2\/categories?post=970"},{"taxonomy":"post_tag","embeddable":true,"href":"https:\/\/www.gedichtladen.de\/blog\/wp-json\/wp\/v2\/tags?post=970"}],"curies":[{"name":"wp","href":"https:\/\/api.w.org\/{rel}","templated":true}]}}