{"id":949,"date":"2012-06-17T19:05:58","date_gmt":"2012-06-17T17:05:58","guid":{"rendered":"http:\/\/www.gedichtladen.de\/blog\/?p=949"},"modified":"2024-09-29T15:29:55","modified_gmt":"2024-09-29T13:29:55","slug":"sieben-raben","status":"publish","type":"post","link":"https:\/\/www.gedichtladen.de\/blog\/archive\/949","title":{"rendered":"Sieben Raben"},"content":{"rendered":"<p>Sieben Br\u00fcder warn nicht genug<br \/>\nals sie ein Schwesterlein bekommen<br \/>\nzum Taufstein f\u00fcll&#8217;n den Wasserkrug<br \/>\nden sie zur Quelle mitgenommen<br \/>\nSie dr\u00e4ngten sich um das Gef\u00e4\u00df<br \/>\ndas fiel in ungeahnte Tiefen<br \/>\nder K\u00f6nig-Vater macht Gewes<br \/>\nund eh sie noch nach Hause liefen<br \/>\nVerw\u00fcnschte er die b\u00f6sen Bengel<br \/>\nund wollte, dass sie Raben sind<br \/>\ndas ward erf\u00fcllt, doch zu &#8217;nem Engel<br \/>\nwuchs heran das sch\u00f6ne Kind<br \/>\nDie sieben Raben waren fort<br \/>\ndem M\u00e4dchen ward das Herz beschwert<br \/>\nnun zog sie hin zu fremdem Ort<br \/>\nob nicht von ihnen was geh\u00f6rt<br \/>\nDie Sonne schreckt sie mit Geblend<br \/>\nder Mond mit seinem kalten Rund<br \/>\nsie fragt die Sterne dann am End<br \/>\nbekommt von ihnen endlich Kund&#8216;<br \/>\nSie schenken ihr ein Hinkelbeinchen<br \/>\ndas Schl\u00fcsselchen zum Glasberg ist<br \/>\nsie schl\u00e4gt es sorgsam in ein Tuch<br \/>\ndoch als sie ankommt, ist&#8217;s vermisst<br \/>\nDa schneidet sie sich einen Finger<br \/>\nvon sch\u00f6ner Hand und steckt ihn rein<br \/>\nman wei\u00df ja nun, dass solche Dinger<br \/>\nk\u00f6nnen nur ein M\u00e4rchen sein<br \/>\nSie findet sieben Becherchen<br \/>\naus jedem nippt sie einen Schluck<br \/>\nl\u00e4sst dann in Becher Nummer sieben<br \/>\ndas Ringlein fallen und nun guck<br \/>\nSie ist versteckt nun wohl und zwar<br \/>\ndoch als die Raben angekommen<br \/>\nda wussten sie, dass sie da war<br \/>\nweil doch das Ringlein rumgeschwommen<br \/>\nNun war der Zauber endlich aus<br \/>\ndie V\u00f6gel wurden wieder Knaben<br \/>\n&#8217;nen Finger kostet&#8217;s eiderdaus<br \/>\nund Federn lie\u00dfen sieben Raben<br \/>\nUnd die Moral von der Geschicht<br \/>\nverlier Dein Hinkelbeinchen nicht<\/p>\n<p>\n<em>C&#038;A.R. 5.6.2012<\/em><\/p>\n","protected":false},"excerpt":{"rendered":"<p>Sieben Br\u00fcder warn nicht genug als sie ein Schwesterlein bekommen zum Taufstein f\u00fcll&#8217;n den Wasserkrug den sie zur Quelle mitgenommen Sie dr\u00e4ngten sich um das Gef\u00e4\u00df das fiel in ungeahnte Tiefen der K\u00f6nig-Vater macht Gewes und eh sie noch nach&#8230;<br \/><a class=\"read-more-button\" href=\"https:\/\/www.gedichtladen.de\/blog\/archive\/949\">Mehr Lesen<\/a><\/p>\n","protected":false},"author":1,"featured_media":0,"comment_status":"closed","ping_status":"closed","sticky":false,"template":"","format":"standard","meta":{"footnotes":""},"categories":[7],"tags":[],"class_list":["post-949","post","type-post","status-publish","format-standard","hentry","category-leseproben"],"_links":{"self":[{"href":"https:\/\/www.gedichtladen.de\/blog\/wp-json\/wp\/v2\/posts\/949","targetHints":{"allow":["GET"]}}],"collection":[{"href":"https:\/\/www.gedichtladen.de\/blog\/wp-json\/wp\/v2\/posts"}],"about":[{"href":"https:\/\/www.gedichtladen.de\/blog\/wp-json\/wp\/v2\/types\/post"}],"author":[{"embeddable":true,"href":"https:\/\/www.gedichtladen.de\/blog\/wp-json\/wp\/v2\/users\/1"}],"replies":[{"embeddable":true,"href":"https:\/\/www.gedichtladen.de\/blog\/wp-json\/wp\/v2\/comments?post=949"}],"version-history":[{"count":2,"href":"https:\/\/www.gedichtladen.de\/blog\/wp-json\/wp\/v2\/posts\/949\/revisions"}],"predecessor-version":[{"id":952,"href":"https:\/\/www.gedichtladen.de\/blog\/wp-json\/wp\/v2\/posts\/949\/revisions\/952"}],"wp:attachment":[{"href":"https:\/\/www.gedichtladen.de\/blog\/wp-json\/wp\/v2\/media?parent=949"}],"wp:term":[{"taxonomy":"category","embeddable":true,"href":"https:\/\/www.gedichtladen.de\/blog\/wp-json\/wp\/v2\/categories?post=949"},{"taxonomy":"post_tag","embeddable":true,"href":"https:\/\/www.gedichtladen.de\/blog\/wp-json\/wp\/v2\/tags?post=949"}],"curies":[{"name":"wp","href":"https:\/\/api.w.org\/{rel}","templated":true}]}}