{"id":910,"date":"2012-05-27T22:15:59","date_gmt":"2012-05-27T20:15:59","guid":{"rendered":"http:\/\/www.gedichtladen.de\/blog\/?p=910"},"modified":"2024-09-29T15:30:30","modified_gmt":"2024-09-29T13:30:30","slug":"kolumne-kw22","status":"publish","type":"post","link":"https:\/\/www.gedichtladen.de\/blog\/archive\/910","title":{"rendered":"Kolumne KW22"},"content":{"rendered":"<p><strong>Ascheleben<\/strong><\/p>\n<p>&nbsp;<\/p>\n<p>Man k\u00f6nnte sich derzeit \u00fcber den Volunta\u00adrismus des Flughafenbaus aufspulen, aber wir haben doch gerade die Zeit der Jugend\u00adweihen und Konfirmationen, und tut diesen Festen die himmlische Ruhe nicht eher gut?<br \/>\nWir hatten nun selbst eine Jugendweihe von unserem Sohn und seinem Freund noch aus Kindergartentagen. Sie machen nicht gerade viel aus ihrem Leben und verbringen die mei\u00ads\u00adte Zeit vor dem Computer. Seit gestern aber nicht mehr, wo nun beide ein BMX Rad ha\u00adben und heute schon den ganzen Tag ver\u00adschwun\u00adden sind, um die ersten Kunstst\u00fccke zu \u00fcben.<!--more--><br \/>\nDer humanistische Verband macht sehr ju\u00adgend\u00adgerechte Feierstunden und wir haben in Zeuthen gestern nach Jahren wieder eine erlebt, die dem Wunsch der Jugendlichen nach Unterhaltung sehr gut entspricht. Wird man so also erwachsen, wenn man sich eine hochwertige Show ansieht?<br \/>\nDie Themen des amerikanischen Psychologen<br \/>\nRobert Bly ranken sich um diese Generation der Nichterwachsenwerder, der Schulabbre\u00adcher und Nichtstuer und gibt uns folgende Erkl\u00e4rung:<\/p>\n<p>\nDie Wikinger lebten in langgestreckten Ge\u00admeinschaftsh\u00e4usern, in denen drei\u00dfig oder vierzig Men\u00adschen ihre Betten hatten, die entlang der W\u00e4nde aufgestellt waren. Die Mitte der Halle war ge\u00adpflas\u00adtert und es befand sich dort eine Feuerstelle. Zwischen dieser und den Betten waren beacht\u00adliche Aschehaufen und zwischen dem Feuer und den Aschehaufen lagerten Jugendliche, die sich nicht wuschen, die nichts taten als sich zwei oder drei Jahre in der Asche zu w\u00e4lzen und kauten Schlacke. Man nannte sie die Schlackebei\u00dfer. Keiner st\u00f6rte sich daran, dass diese Jugendlichen nichts N\u00fctzliches taten und sich nicht einmal sauberhielten.<br \/>\nIm elften Jahrhundert hatte der Schlacke\u00adbei\u00ad\u00dfer Starkad schon mehrere Jahre in der Asche ver\u00adbracht. Dann forderte ihn sein Pflegevater auf, an einer Kriegsfahrt teil\u00adzu\u00adneh\u00admen. Sofort stand Starkad auf, rasierte sich, zog sich an und wurde einer der besten Krieger auf der Fahrt und sp\u00e4ter ein ber\u00fchm\u00adter Dichter, an den auch in den altnordischen Sagas erinnert wird.<br \/>\nDie Jugendweihe bei den Wikingern sah dann ungef\u00e4hr so aus, dass man die Jugend\u00adlichen von den M\u00fcttern entfernte, sie an ei\u00adnen dunklen Ort brachte und dort mit Asche bedeckte, dass die Jungen die Farbe der To\u00adten hatten und man die Geister der Vorfah\u00adren beschwor. In den Jugendlichen muss auch etwas sterben, n\u00e4mlich ihr kindli\u00adches Wesen. Nachdem sie Stunden oder auch Tage dort zugebracht hatten, krochen sie durch einen Tunnel aus Gestr\u00fcpp und Zwei\u00adgen wie\u00adder zum Licht, wo sie die Weisen erwarteten. Die M\u00fctter taten so, als erkenn\u00adten sie ihre S\u00f6hne nicht und die Jungen muss\u00adten ihnen erst erneut vorgestellt wer\u00adden.<br \/>\nAus den Stunden der Dunkelheit wurden zwar nur noch Minuten, so der prompte m\u00fctterliche Ratschluss, aber beide waren bereit, dieses Ritual zu erproben, das im Keller von einem Schamanen zelebriert wird und von dem keiner wei\u00df, was es eigentlich genau war. Das Timing klappte noch nicht so perfekt und die M\u00fctter h\u00e4tten noch etwas abweisender sein k\u00f6nnen, aber alle waren trotzdem sehr beeindruckt. Der Kiefern\u00adzweig\u00adtun\u00adnel wurde anschlie\u00dfend zu einem Ascheh\u00e4ufchen.<\/p>\n<p><strong><br \/>\nEin Ritual wie dieses bringt es:<br \/>\nWir wollen&#8217;s versuchen, vielleicht<br \/>\ngelingt es<br \/>\nIm dunklen Keller mit einem Schaman<br \/>\nso f\u00e4ngt es auch bei uns hier an<br \/>\nDie Geister der Toten werden<br \/>\nbeschworen<br \/>\nJ\u00fcnglinge aschebeschmiert bis an die<br \/>\nOhren<br \/>\nso kriechen sie durch einen Tunnel ans<br \/>\nLicht<br \/>\nselbst die M\u00fctter nicht kennen das neue<br \/>\nGesicht<br \/>\nUnd werden den M\u00fcttern neu<br \/>\nvorgestellt<br \/>\nund treten als M\u00e4nner in diese Welt<\/p>\n<p><\/strong><br \/>\n<em>im Waltersdorfe 27.5.2012<\/em> <\/p>\n","protected":false},"excerpt":{"rendered":"<p>Ascheleben &nbsp; Man k\u00f6nnte sich derzeit \u00fcber den Volunta\u00adrismus des Flughafenbaus aufspulen, aber wir haben doch gerade die Zeit der Jugend\u00adweihen und Konfirmationen, und tut diesen Festen die himmlische Ruhe nicht eher gut? Wir hatten nun selbst eine Jugendweihe von&#8230;<br \/><a class=\"read-more-button\" href=\"https:\/\/www.gedichtladen.de\/blog\/archive\/910\">Mehr Lesen<\/a><\/p>\n","protected":false},"author":1,"featured_media":0,"comment_status":"closed","ping_status":"closed","sticky":false,"template":"","format":"standard","meta":{"footnotes":""},"categories":[12],"tags":[],"class_list":["post-910","post","type-post","status-publish","format-standard","hentry","category-kolumne"],"_links":{"self":[{"href":"https:\/\/www.gedichtladen.de\/blog\/wp-json\/wp\/v2\/posts\/910","targetHints":{"allow":["GET"]}}],"collection":[{"href":"https:\/\/www.gedichtladen.de\/blog\/wp-json\/wp\/v2\/posts"}],"about":[{"href":"https:\/\/www.gedichtladen.de\/blog\/wp-json\/wp\/v2\/types\/post"}],"author":[{"embeddable":true,"href":"https:\/\/www.gedichtladen.de\/blog\/wp-json\/wp\/v2\/users\/1"}],"replies":[{"embeddable":true,"href":"https:\/\/www.gedichtladen.de\/blog\/wp-json\/wp\/v2\/comments?post=910"}],"version-history":[{"count":7,"href":"https:\/\/www.gedichtladen.de\/blog\/wp-json\/wp\/v2\/posts\/910\/revisions"}],"predecessor-version":[{"id":4432,"href":"https:\/\/www.gedichtladen.de\/blog\/wp-json\/wp\/v2\/posts\/910\/revisions\/4432"}],"wp:attachment":[{"href":"https:\/\/www.gedichtladen.de\/blog\/wp-json\/wp\/v2\/media?parent=910"}],"wp:term":[{"taxonomy":"category","embeddable":true,"href":"https:\/\/www.gedichtladen.de\/blog\/wp-json\/wp\/v2\/categories?post=910"},{"taxonomy":"post_tag","embeddable":true,"href":"https:\/\/www.gedichtladen.de\/blog\/wp-json\/wp\/v2\/tags?post=910"}],"curies":[{"name":"wp","href":"https:\/\/api.w.org\/{rel}","templated":true}]}}