{"id":896,"date":"2012-05-05T20:00:29","date_gmt":"2012-05-05T18:00:29","guid":{"rendered":"http:\/\/www.gedichtladen.de\/blog\/?p=896"},"modified":"2024-09-29T15:33:36","modified_gmt":"2024-09-29T13:33:36","slug":"kolumne-kw19","status":"publish","type":"post","link":"https:\/\/www.gedichtladen.de\/blog\/archive\/896","title":{"rendered":"Kolumne KW19"},"content":{"rendered":"<p><strong>Inges Leben<\/strong><\/p>\n<p>&nbsp;<\/p>\n<p>Auf meiner Wanderschaft begegnete mir auch eine Dame, und als sie mein Vater mit &#8222;Enchantez madame&#8220; begr\u00fc\u00dfte und ihr um ein Haar noch einen Handkuss gegeben hat\u00adte, war sie so bezuckert, dass sie keine Sprit\u00adze mehr an diesem Tag brauchte und sie sag\u00adte, das sei ihr in den ganzen 58 \u00bd Jahren ih\u00adres Lebens noch nicht untergekommen.<!--more--><br \/>\nInge ist Kinderdiakonin und seit einigen Jah\u00adren gek\u00fcndigt, weil sie erkrankte, und da sie weder Abschiedsgeschenk noch Abfindung bekam, hat sie ihren Kindergarten auch nicht mehr betreten, und das nun schon seit Jah\u00adren. Diesen hatte sie \u00fcber die Wende geret\u00adtet und nun ist er nicht mehr, der Kindergar\u00adten, aber Inge tr\u00e4gt sich mit einem Buchpro\u00adjekt, wie viele der Bem\u00fchten und Beladenen.<br \/>\nSie hat einen Sohn und trug einen zweiten (Martin) unter dem Herzen. Das war am 7. Oktober 1983. Das Kind war tot, aber sie muss\u00adte auf ihre Operation noch Tage warten, bis man ausgefeiert hatte (Republikgeburts\u00adtag). Dann wurde das Tote aus ihr entfernt und sie nach Hause geschickt und sie tat, als w\u00e4re nichts geschehen.<br \/>\nAls Erzieherin war sie nicht mehr tragbar, weil sie in der Klapper gewesen war, eine immerhin seltsame Behandlung bei einer Zuckerkrankheit. Mit drei harmlosen Tablet\u00adten t\u00e4glich ging sie rein und verlie\u00df das Kran\u00adkenhaus mit einer t\u00e4glichen Dosis von f\u00fcnf Spritzen.<br \/>\nAls ich sie treffe, hat sie gerade zwei n\u00e4chtli\u00adche Zuckerschocks hinter sich. Sie darf nicht rauchen und das ist ja sicher auch kein gutes Vorbild f\u00fcr die Kinder, aber darauf braucht sie nun keine R\u00fccksicht mehr zu nehmen. Wenn jemand in der Kaufhalle sagt: &#8222;Guck mal, da ist Tante Inge!&#8220;, sagt sie, sie kenne keine Tante Inge, sondern nur eine Inge und bald wird sie nur noch eine Gro\u00dfmutter Inge kennen.<br \/>\nG\u00fcnter ist von Berufung P\u00e4dagoge, aber man verweigerte ihm die Ausbildung. Er musste sich alles allein aneignen. Auch das im Ansatz ein DDR Schicksal, dass sich aber nach der Wen\u00adde seltsamerweise genauso fortsetzte, als h\u00e4tte es gar keine Wende f\u00fcr ihn gege\u00adben. Ich zeige ihm ein paar Artikel im ND und er ist \u00fcberrascht, was das f\u00fcr eine gute Zeitung ist. Nicht mehr das Zentralor\u00adgan, sondern einfach nur sozialistisch.<br \/>\nAm n\u00e4chsten Tag kaufe ich eine M\u00e4rkische, weil man das ND nicht hat. Es gibt nur noch wenige, die zwischen Sensationsnebelvor\u00adh\u00e4n\u00adgen und guter Presse unterscheiden k\u00f6nnen. Er war gerade nicht gut drauf und ich schenkte ihm die Zeitung, auf dass es ihm besser gehe.<br \/>\nSternchen ist heute Nacht zusammengebro\u00adchen. Ein epileptischer Anfall oder so etwas. Die \u00c4rzte und mehrere Pfleger bem\u00fchen sich um sie. Sie wird f\u00fcr die Nacht auf ein Bett ge\u00adschnallt (fixiert). Ich wei\u00df nicht, ob es gut f\u00fcr Sternchen ist, aber als ich sie das n\u00e4chste Mal treffe und ihr eine Fliederdolde schenke, ist sie fit, als w\u00e4re nicht gewesen.<br \/>\nMartina ist alleinerziehend und ihre Augen k\u00f6n\u00adnen richtig F\u00fcnklein spr\u00fchen. Ihre Tochter entdeckte selbst ihre Neigung zum Gitarre\u00adspie\u00adlen. Der Frontmann von Sixx h\u00f6chstper\u00ads\u00f6n\u00adlich w\u00e4hlt ihr eine zwar teure, aber gut\u00adklin\u00adgende Gitarre aus. Die Tochter ist auch gut im Reitsport, aber das ist dann schon langsam das finanzielle Limit. Sie kann vielleicht auch bei der Pflege der Pferde helfen und darf dann vielleicht ab und an auch mal unentgeltlich reiten, aber ein eigenes Pferd, das geht nun beim besten Willen nicht.<br \/>\nNun sind Sie dran, liebe Leser, raten Sie an welchem verwunschen Ort sich solcherlei Dinge zutragen, denen es an Dramatik nicht mangelt, die aber durch unsere Teilnahme auf wundersame Weise keinerlei dramatische Zuspitzung erfahren, sondern sich ohne Stress wie von selbst l\u00f6sen.<br \/>\nGeben Sie ein feedback, Ihr Gedichtladen.<\/p>\n<p>\nim Waltersdorfe 5.5.2012<\/p>\n","protected":false},"excerpt":{"rendered":"<p>Inges Leben &nbsp; Auf meiner Wanderschaft begegnete mir auch eine Dame, und als sie mein Vater mit &#8222;Enchantez madame&#8220; begr\u00fc\u00dfte und ihr um ein Haar noch einen Handkuss gegeben hat\u00adte, war sie so bezuckert, dass sie keine Sprit\u00adze mehr an&#8230;<br \/><a class=\"read-more-button\" href=\"https:\/\/www.gedichtladen.de\/blog\/archive\/896\">Mehr Lesen<\/a><\/p>\n","protected":false},"author":1,"featured_media":0,"comment_status":"closed","ping_status":"closed","sticky":false,"template":"","format":"standard","meta":{"footnotes":""},"categories":[12],"tags":[],"class_list":["post-896","post","type-post","status-publish","format-standard","hentry","category-kolumne"],"_links":{"self":[{"href":"https:\/\/www.gedichtladen.de\/blog\/wp-json\/wp\/v2\/posts\/896","targetHints":{"allow":["GET"]}}],"collection":[{"href":"https:\/\/www.gedichtladen.de\/blog\/wp-json\/wp\/v2\/posts"}],"about":[{"href":"https:\/\/www.gedichtladen.de\/blog\/wp-json\/wp\/v2\/types\/post"}],"author":[{"embeddable":true,"href":"https:\/\/www.gedichtladen.de\/blog\/wp-json\/wp\/v2\/users\/1"}],"replies":[{"embeddable":true,"href":"https:\/\/www.gedichtladen.de\/blog\/wp-json\/wp\/v2\/comments?post=896"}],"version-history":[{"count":5,"href":"https:\/\/www.gedichtladen.de\/blog\/wp-json\/wp\/v2\/posts\/896\/revisions"}],"predecessor-version":[{"id":4436,"href":"https:\/\/www.gedichtladen.de\/blog\/wp-json\/wp\/v2\/posts\/896\/revisions\/4436"}],"wp:attachment":[{"href":"https:\/\/www.gedichtladen.de\/blog\/wp-json\/wp\/v2\/media?parent=896"}],"wp:term":[{"taxonomy":"category","embeddable":true,"href":"https:\/\/www.gedichtladen.de\/blog\/wp-json\/wp\/v2\/categories?post=896"},{"taxonomy":"post_tag","embeddable":true,"href":"https:\/\/www.gedichtladen.de\/blog\/wp-json\/wp\/v2\/tags?post=896"}],"curies":[{"name":"wp","href":"https:\/\/api.w.org\/{rel}","templated":true}]}}