{"id":891,"date":"2012-05-03T21:43:12","date_gmt":"2012-05-03T19:43:12","guid":{"rendered":"http:\/\/www.gedichtladen.de\/blog\/?p=891"},"modified":"2024-09-29T15:33:28","modified_gmt":"2024-09-29T13:33:28","slug":"kolumne-kw18","status":"publish","type":"post","link":"https:\/\/www.gedichtladen.de\/blog\/archive\/891","title":{"rendered":"Kolumne KW18"},"content":{"rendered":"<p><strong>H\u00fcsung<\/strong><\/p>\n<p>&nbsp;<\/p>\n<p>Als wir hier das sch\u00f6ne Fest der Stille unter Mitwirkung der Feuerwehr gebaut haben, war &#8222;Forrest Gump&#8220; gerade nicht da. Vergeblich schauten wir hier im Vorbau des Gemeindehauses nach ihm.<br \/>\nNun hat sich das R\u00e4tsel gel\u00f6st, der hier vor sich hin stinkende Obdachlose war da sicher in Iron City, wie der Filmheld unseres Obdachlosen, n\u00e4mlich Tom Hanks, der zu dieser Zeit gerade in Berlin weilte wegen Dreharbeiten.<!--more--><br \/>\nDie Eisenh\u00fcttenst\u00e4dter kokettieren immer ein bisschen damit, dass sie doch Provinzler seien und tats\u00e4chlich erheben sie sich, wenn sie nicht gerade einen der noch zweitausend Arbeitspl\u00e4tze im EKO haben, das jetzt etwas fremd Arcelor Mittal hei\u00dft, erst so gegen elf und stehen nicht an, das Stra\u00dfenbild ein wenig mit ihren Jogginghosen zu beleben, denen noch ein wenig Bierdunst entsteigt. Im Volksmund hei\u00dft ja die Kleiderordnung Schnellfickerhose, aber damit scheint es auch nicht so weit her zu sein, denn die Stadt schrumpft und schrumpft.<br \/>\nMan wirkt dem mit einer etwas k\u00fcnstlichen Wohnraumverknappung entgegen, hat schon eines von einst sieben Wohngebieten als Relikt des Sozialismus abgerissen und sorgt so nebenbei f\u00fcr profitable Mietpreise.<br \/>\nAuch in Sch\u00f6nefeld scheint dieser Gedanke jetzt Raum zu greifen. Das Gotteshaus, was gut noch ein paar Hundert Jahre stehen k\u00f6nnte und au\u00dfer dem einzigen Flughafengegnerplakat des Ortes zu dem historischen Ensemble geh\u00f6rt, von dem nicht mehr allzuviel \u00fcbrig ist, denn Schule und Dorfkneipe wichen ja schon fr\u00fcher dem Erneuerungswahn, soll verkauft sein und dem Abriss anheim fallen.<br \/>\nDass ist nun auch die Endl\u00f6sung der Obdachlosenfrage f\u00fcr Waltersdorf. F\u00fcr einige B\u00fcrger ist ja dieser ein \u00c4rgernis, wegen Pinkelns und Weinversch\u00fcttens, andere haben sich schon in r\u00fchrender Weise um Forrest gek\u00fcmmert und sind nicht selten abgeblitzt, so dass sich die Sage verbreitete, es handle sich um einen im Grunde beg\u00fcterten Menschen, der noch dazu sprachlos ist, dieses Transparent auch sicher nicht aufs Dach gebracht hat, aber meiner Frau ist es am Kindergarten in Eichwalde schon des \u00d6fteren gelungen, ein paar Worte mit ihm zu wechseln, von ihr nahm er auch Tee an und begab sich willig fort, wenn sein Bild das Kommen der Kinder gest\u00f6rt h\u00e4tte.<br \/>\nSehr hat mich auch gefreut, dass auch die Damenwelt der Feuerwehr nicht aufh\u00f6rt, sich Gedanken um sein Schicksal zu machen, wohl \u00fcberhaupt nach dem eindrucksvollen Film mit dem jungen Tom Hanks diesen Spitznamen erfunden hat.<br \/>\nDas ist kein Ausl\u00e4nder, der sich hier einen Bunten machen will, oft sieht man ihn als Standbild im Netto stehen, manchmal ist er f\u00fcr Tage verschwunden, manchmal sorgt man sich in einer Frostnacht um ihn. Er ist auch offenbar gebildet genug, alle Normierungsversuche der Polizei oder anderer professioneller &#8222;Helfer&#8220; abzuwehren, so dass er sein selbstbestimmtes Leben fortsetzen kann und wie viel Bescheidenheit will man denn noch, als dass ein Mensch etwa vier Quadratmeter Schlafplatz beansprucht, nicht gr\u00f6lt, nicht demonstriert, nicht bettelt und ansonsten vor sich hinschweigt.<br \/>\nAbriss kostet auch erst mal Geld, vielleicht investiert man das etwas einfallsreicherer Weise in ein Dixiklo, als in eine unser lieblos gehaltenen Trockenrasenfl\u00e4chen.<br \/>\nWer die immer offenstehende Blecht\u00fcr zum Gottesgarten je ge\u00f6ffnet hat, findet dahinter ein St\u00fcck Natur, die wildromantisch anmuten kann und es steht dort auch ein sehr n\u00fctzlicher Quittenbaum, von dem wir j\u00e4hrlich unser Gelee machen und der R\u00e4uber von zwei Gemeinden weiter anzieht.<br \/>\nWie clean wollen wir unsere Welt, wo ich kein Kind je mehr am Flutgraben spielen sah und man sich fragen k\u00f6nnte, wo unsere vielen Kinder eigentlich sind?<br \/>\nH\u00fcsung f\u00fcr Forrest!<\/p>\n<p>\nin Ironcity 16.4.2012<br \/>\nUnterschriften:<\/p>\n<p>\nChristian Rempel<br \/>\nA. Reykowski<br \/>\nS. Lindner<\/p>\n","protected":false},"excerpt":{"rendered":"<p>H\u00fcsung &nbsp; Als wir hier das sch\u00f6ne Fest der Stille unter Mitwirkung der Feuerwehr gebaut haben, war &#8222;Forrest Gump&#8220; gerade nicht da. Vergeblich schauten wir hier im Vorbau des Gemeindehauses nach ihm. Nun hat sich das R\u00e4tsel gel\u00f6st, der hier&#8230;<br \/><a class=\"read-more-button\" href=\"https:\/\/www.gedichtladen.de\/blog\/archive\/891\">Mehr Lesen<\/a><\/p>\n","protected":false},"author":1,"featured_media":0,"comment_status":"closed","ping_status":"closed","sticky":false,"template":"","format":"standard","meta":{"footnotes":""},"categories":[12],"tags":[],"class_list":["post-891","post","type-post","status-publish","format-standard","hentry","category-kolumne"],"_links":{"self":[{"href":"https:\/\/www.gedichtladen.de\/blog\/wp-json\/wp\/v2\/posts\/891","targetHints":{"allow":["GET"]}}],"collection":[{"href":"https:\/\/www.gedichtladen.de\/blog\/wp-json\/wp\/v2\/posts"}],"about":[{"href":"https:\/\/www.gedichtladen.de\/blog\/wp-json\/wp\/v2\/types\/post"}],"author":[{"embeddable":true,"href":"https:\/\/www.gedichtladen.de\/blog\/wp-json\/wp\/v2\/users\/1"}],"replies":[{"embeddable":true,"href":"https:\/\/www.gedichtladen.de\/blog\/wp-json\/wp\/v2\/comments?post=891"}],"version-history":[{"count":4,"href":"https:\/\/www.gedichtladen.de\/blog\/wp-json\/wp\/v2\/posts\/891\/revisions"}],"predecessor-version":[{"id":4437,"href":"https:\/\/www.gedichtladen.de\/blog\/wp-json\/wp\/v2\/posts\/891\/revisions\/4437"}],"wp:attachment":[{"href":"https:\/\/www.gedichtladen.de\/blog\/wp-json\/wp\/v2\/media?parent=891"}],"wp:term":[{"taxonomy":"category","embeddable":true,"href":"https:\/\/www.gedichtladen.de\/blog\/wp-json\/wp\/v2\/categories?post=891"},{"taxonomy":"post_tag","embeddable":true,"href":"https:\/\/www.gedichtladen.de\/blog\/wp-json\/wp\/v2\/tags?post=891"}],"curies":[{"name":"wp","href":"https:\/\/api.w.org\/{rel}","templated":true}]}}