{"id":866,"date":"2012-04-01T17:48:12","date_gmt":"2012-04-01T15:48:12","guid":{"rendered":"http:\/\/www.gedichtladen.de\/blog\/?p=866"},"modified":"2024-09-29T14:44:49","modified_gmt":"2024-09-29T12:44:49","slug":"kolumne-kw14","status":"publish","type":"post","link":"https:\/\/www.gedichtladen.de\/blog\/archive\/866","title":{"rendered":"Kolumne KW14"},"content":{"rendered":"<p><strong>Es spricht das Stra\u00dfenverkehrsamt:<\/strong><\/p>\n<p>&nbsp;<\/p>\n<p>Von unseren vier Forderungen der B\u00fcrgerinitiative Schulzendorfer Stra\u00dfe, die auch schon im Sch\u00f6enefelder Ber\u00fccksich\u00adtigung fand und die da waren:<\/p>\n<p>\n1. Tempo 30<br \/>\n2. Fu\u00dfg\u00e4nger\u00fcberweg<br \/>\n3. beidseitiger Blitzer<br \/>\n4. Bush\u00e4uschen<\/p>\n<p><!--more--><br \/>\nsind nun fast alle er\u00f6rtert. Am 28.3. waren Frau Sauerwald und ich im Stra\u00dfenverkehrs\u00adamt, wo uns Frau Schimreck vom Amt und Frau Korban von der Gemeinde gegen\u00ad\u00fcbersa\u00dfen. Es lagen Messdaten f\u00fcr unsere Stra\u00dfe vor, die besagen, dass 5600 Fahrzeu\u00adge die Stra\u00dfe am Tag passieren, was tat\u00ads\u00e4ch\u00adlich etwa 5\/7 von dem ist, was in Rich\u00adtung KW heraus und herein geht.<\/p>\n<p>Nur die Punkte eins und zwei sind \u00fcber\u00adhaupt Sache des Stra\u00dfenverkehrsamtes und wir erfuhren, dass die Geschwindigkeit von 50 km\/h im Mittel von weniger als 15% \u00fcberschritten wird. Fu\u00dfg\u00e4nger\u00fcberwege w\u00fcrden eine falsche Sicherheit vermitteln und werden daher im Landkreis gar nicht mehr eingerichtet.<\/p>\n<p>Es wurde aber zugesagt, dass es in absehba\u00adrer Zeit noch einmal eine Messung der Ver\u00adkehrsdichte und der Geschwindigkeiten geben wird, wenn wir das w\u00fcnschen.<\/p>\n<p>Frau Korban hat dann erl\u00e4utert, dass es bei dem jetzigen Blitzer \u00fcberhaupt nur bei bei einem von tausend Autos zu einer bu\u00dfgeld\u00adpflichtigen Geschwindigkeits\u00fcberschreitung kommt. Es wurde aber in Aussicht gestellt, dass man die Aufstellung eines mobilen Blitzers noch mal pr\u00fcfen wird.<\/p>\n<p>Auch Bushaltestellen sind in der Gemeinde\u00adhoheit. Dazu konnte noch keine Aussage gemacht werden, weil der Verantwortliche noch nicht greifbar war. Es k\u00f6nnte sein, dass erst ein St\u00fcck Land von dem Eckgrundst\u00fcck aufgekauft werden m\u00fcsste, um eine Unter\u00adstellm\u00f6glichkeit f\u00fcr die Berufst\u00e4tigen und Sch\u00fcler, die dort insbesondere morgens stehen, zu schaffen.<\/p>\n<p>Wir haben den Gang ins Stra\u00dfenverkehrs\u00adamt nicht bereut, denn wir hatten wirklich ein konstruktives Gespr\u00e4ch. Es wurde auch in Aussicht gestellt, eine Smiley-Tafel anzu\u00adbringen, die die Autofahrer zu vorsichtigem und ordnungsgem\u00e4\u00dfem Fahren motivieren soll.<\/p>\n<p>Wir wurden sogar auf den einschl\u00e4gigen Rechtsweg bis hin zu einer Klage hingewie\u00adsen, aber uns beiden war gar nicht nach solchen zweifelhaften Verfahren, bei denen man sich so stellt, als k\u00f6nnte man Konflikte nicht vern\u00fcnftig l\u00f6sen. Vielleicht sind wir manchen B\u00fcrgern aus unserer Stra\u00dfe auch zu friedfertig, aber bei unserer n\u00e4chsten Versammlung am 16.4. um 19 Uhr wird man sehen, wie es mit dem B\u00fcrgerwil\u00adlen aus\u00adsieht.<\/p>\n<p>Mein Leserbrief auf der Seite 6 des Sch\u00f6ne\u00adfelder sieht aus wie eine Annonce, die man doch zu \u00fcbersehen pflegt. Eine Diskussion des B\u00fcrgerbriefes ist bisher nur mit Frau Pillat entstanden, die aber darauf in ihrer Adresse keinen Bezug nimmt. Immerhin wird der Ortsbeirat auch an diesem 16. April im ehemaligen Rathaus tagen, so dass direkte R\u00fccksprache m\u00f6glich sein wird.<\/p>\n<p>Ich selbst werde an dieser Veranstaltung voraussichtlich gar nicht teilnehmen k\u00f6nnen und muss auch da auf die Frauenpower hof\u00adfen, die dieses Problem sicher weiterbetrei\u00adben wird.<br \/>\n<em><br \/>\nim Waltersdorfe 25.3.2012<\/em><\/p>\n","protected":false},"excerpt":{"rendered":"<p>Es spricht das Stra\u00dfenverkehrsamt: &nbsp; Von unseren vier Forderungen der B\u00fcrgerinitiative Schulzendorfer Stra\u00dfe, die auch schon im Sch\u00f6enefelder Ber\u00fccksich\u00adtigung fand und die da waren: 1. Tempo 30 2. Fu\u00dfg\u00e4nger\u00fcberweg 3. beidseitiger Blitzer 4. Bush\u00e4uschen<\/p>\n","protected":false},"author":1,"featured_media":0,"comment_status":"closed","ping_status":"closed","sticky":false,"template":"","format":"standard","meta":{"footnotes":""},"categories":[12],"tags":[],"class_list":["post-866","post","type-post","status-publish","format-standard","hentry","category-kolumne"],"_links":{"self":[{"href":"https:\/\/www.gedichtladen.de\/blog\/wp-json\/wp\/v2\/posts\/866","targetHints":{"allow":["GET"]}}],"collection":[{"href":"https:\/\/www.gedichtladen.de\/blog\/wp-json\/wp\/v2\/posts"}],"about":[{"href":"https:\/\/www.gedichtladen.de\/blog\/wp-json\/wp\/v2\/types\/post"}],"author":[{"embeddable":true,"href":"https:\/\/www.gedichtladen.de\/blog\/wp-json\/wp\/v2\/users\/1"}],"replies":[{"embeddable":true,"href":"https:\/\/www.gedichtladen.de\/blog\/wp-json\/wp\/v2\/comments?post=866"}],"version-history":[{"count":6,"href":"https:\/\/www.gedichtladen.de\/blog\/wp-json\/wp\/v2\/posts\/866\/revisions"}],"predecessor-version":[{"id":4439,"href":"https:\/\/www.gedichtladen.de\/blog\/wp-json\/wp\/v2\/posts\/866\/revisions\/4439"}],"wp:attachment":[{"href":"https:\/\/www.gedichtladen.de\/blog\/wp-json\/wp\/v2\/media?parent=866"}],"wp:term":[{"taxonomy":"category","embeddable":true,"href":"https:\/\/www.gedichtladen.de\/blog\/wp-json\/wp\/v2\/categories?post=866"},{"taxonomy":"post_tag","embeddable":true,"href":"https:\/\/www.gedichtladen.de\/blog\/wp-json\/wp\/v2\/tags?post=866"}],"curies":[{"name":"wp","href":"https:\/\/api.w.org\/{rel}","templated":true}]}}