{"id":862,"date":"2012-03-25T22:32:29","date_gmt":"2012-03-25T20:32:29","guid":{"rendered":"http:\/\/www.gedichtladen.de\/blog\/?p=862"},"modified":"2024-09-29T14:48:17","modified_gmt":"2024-09-29T12:48:17","slug":"kolumne-kw13","status":"publish","type":"post","link":"https:\/\/www.gedichtladen.de\/blog\/archive\/862","title":{"rendered":"Kolumne KW13"},"content":{"rendered":"<p><strong>Pentesilea spricht:<br \/>\n&#8222;in seinem Blute da w\u00e4lzt sich<br \/>\nAchilles\u00a0von meiner Hand<br \/>\nstilles Gebete send ich<br \/>\nals er mich<br \/>\nmit brechendem Auge erkannt<br \/>\n\u00a0<br \/>\nmir w\u00e4r es nicht anders ergangen<br \/>\nBlessuren hab ich genug<br \/>\nsonst w\u00e4re das Herz mir befangen<br \/>\nVerlangen<br \/>\nwie werde ich nur aus mir klug<br \/>\n\u00a0<br \/>\nes sind heute ja die Zeiten<br \/>\nwo Frauen das Los zugedacht<br \/>\ndie Weltgeschicke zu leiten<br \/>\nWeiten<br \/>\naus denen die Sonne uns lacht<br \/>\nauf&#8217;s Holz aus dem wir gemacht&#8220;<\/strong><br \/>\n<!--more--><br \/>\nAn Kleist denkt jetzt keiner mehr und all\u00fcberall ist Fr\u00fchlingserwachen. Die Sonne kann es nicht mehr besser mit uns meinen, die Forsythia bl\u00fchen und allerorten zeigen sich die ersten gr\u00fcnen Spitzen.<br \/>\nWie kann dies die Zeit sein, sich mit den herben Seiten der Liebe zu besch\u00e4ftigen, wenn doch der Weltuntergang erst f\u00fcr kurz vor Weihnachten angesagt ist?<br \/>\nDas sind die Zuf\u00e4lle der Literatur, durch die wir uns auf den Rat von Bekannten beiderlei Geschlechts hindurcharbeiten und wo uns doch gerade diese blutr\u00fcnstige Seite der Liebe ins Auge sprang, das wir in den Grundz\u00fcgen, dem nunmehr wieder vergessenen Kleist verdanken, der diesen antiken Geschlechterkampf zugunsten der weiblichen Seite ausgehen lie\u00df.<br \/>\nEs war dies die Kreutzersonate von Tolstoi und der Gegenroman seiner Frau und Hesses Narziss und Goldmund, die beide die lebensinhaltgebende und lebensver\u00adnich\u00adtende Rolle des Geschlechtlichen zum Inhalt haben.<br \/>\nDer Fr\u00fchling ist allgemein die Zeit des Auf\u00adbruchs, Feldz\u00fcge werden geplant, Reiselust geweckt, mach Bl\u00fcmchen am Wege Beachtung gezollt.<br \/>\nMir begegnete eine, die, offenbar vom Schicksal niedergerungen, nicht mehr ohne Allgemeinpl\u00e4tze auskommt, man die Vermessenheit nicht wagt, sie ein wenig zu bedauern.<br \/>\nMir begegnete eine, die der Worte umso mehr hat, die eine gr\u00f6\u00dfere schriftliche Be\u00adred\u00adsamkeit hat, als ich es vermag. Und sie macht Sehnsucht, gr\u00f6\u00dfere Sehnsucht nach emails.<br \/>\nIch bin bei einer, die sich sehr auf den Fr\u00fchling gefreut hat und nun fast krank ist von meiner Schwermut, die aber nichts weiter sagt, kocht und werkelt und wartet.<br \/>\nWelch Gl\u00fcck ist es, unter so vielen Frauen zu sein und zu vergessen, dass jede auch eine Pentesilea ist, man selber Achill.<br \/>\nWelch kleines Gl\u00fcck ist es, wenn man nach dem Winter die Pumpe wieder aus dem Keller holt, sie unter leichten M\u00fchen wieder montiert, sie auf Anhieb dicht ist, sich munter dreht, den Druckpunkt nicht verfehlt und wieder eine kleine Sache im Lot ist. Dass man das kleine Gl\u00fcck hat, ist was wirklich z\u00e4hlt.<\/p>\n<p>\n<em>im Waltersdorfe 25.3.2012<\/em><\/p>\n","protected":false},"excerpt":{"rendered":"<p>Pentesilea spricht: &#8222;in seinem Blute da w\u00e4lzt sich Achilles\u00a0von meiner Hand stilles Gebete send ich als er mich mit brechendem Auge erkannt \u00a0 mir w\u00e4r es nicht anders ergangen Blessuren hab ich genug sonst w\u00e4re das Herz mir befangen Verlangen&#8230;<br \/><a class=\"read-more-button\" href=\"https:\/\/www.gedichtladen.de\/blog\/archive\/862\">Mehr Lesen<\/a><\/p>\n","protected":false},"author":1,"featured_media":0,"comment_status":"closed","ping_status":"closed","sticky":false,"template":"","format":"standard","meta":{"footnotes":""},"categories":[12],"tags":[],"class_list":["post-862","post","type-post","status-publish","format-standard","hentry","category-kolumne"],"_links":{"self":[{"href":"https:\/\/www.gedichtladen.de\/blog\/wp-json\/wp\/v2\/posts\/862","targetHints":{"allow":["GET"]}}],"collection":[{"href":"https:\/\/www.gedichtladen.de\/blog\/wp-json\/wp\/v2\/posts"}],"about":[{"href":"https:\/\/www.gedichtladen.de\/blog\/wp-json\/wp\/v2\/types\/post"}],"author":[{"embeddable":true,"href":"https:\/\/www.gedichtladen.de\/blog\/wp-json\/wp\/v2\/users\/1"}],"replies":[{"embeddable":true,"href":"https:\/\/www.gedichtladen.de\/blog\/wp-json\/wp\/v2\/comments?post=862"}],"version-history":[{"count":4,"href":"https:\/\/www.gedichtladen.de\/blog\/wp-json\/wp\/v2\/posts\/862\/revisions"}],"predecessor-version":[{"id":4440,"href":"https:\/\/www.gedichtladen.de\/blog\/wp-json\/wp\/v2\/posts\/862\/revisions\/4440"}],"wp:attachment":[{"href":"https:\/\/www.gedichtladen.de\/blog\/wp-json\/wp\/v2\/media?parent=862"}],"wp:term":[{"taxonomy":"category","embeddable":true,"href":"https:\/\/www.gedichtladen.de\/blog\/wp-json\/wp\/v2\/categories?post=862"},{"taxonomy":"post_tag","embeddable":true,"href":"https:\/\/www.gedichtladen.de\/blog\/wp-json\/wp\/v2\/tags?post=862"}],"curies":[{"name":"wp","href":"https:\/\/api.w.org\/{rel}","templated":true}]}}