{"id":856,"date":"2012-03-19T10:28:20","date_gmt":"2012-03-19T08:28:20","guid":{"rendered":"http:\/\/www.gedichtladen.de\/blog\/?p=856"},"modified":"2024-09-29T15:32:35","modified_gmt":"2024-09-29T13:32:35","slug":"kolumne-kw12","status":"publish","type":"post","link":"https:\/\/www.gedichtladen.de\/blog\/archive\/856","title":{"rendered":"Kolumne KW12"},"content":{"rendered":"<p><strong>Evangelisches Gymnasium Sch\u00f6nefeld<\/strong><\/p>\n<p>&nbsp;<\/p>\n<p><em>man soll in Sch\u00f6nefeld auch Abitur machen k\u00f6nnen<\/em><\/p>\n<p>\nEin Millionenprojekt ist jetzt auf dem Weg. Die Gemeinde wird sich in zwei Jahren mit einem richtigen Gymnasium schm\u00fccken k\u00f6nnen, erm\u00f6glicht durch einen Beschluss der Gemeindevertre\u00adtung. Zu der Million wird noch eine Sporthalle kommen, die dann noch einmal mit 4 Millionen zu Buche schl\u00e4gt.<!--more--><br \/>\nDie Freude bei den Betreibern ist gro\u00df, denn alle Bl\u00fctentr\u00e4ume gingen in Erf\u00fcllung. Selbst beim Standort wurde der Berlin-Ausfallstra\u00dfe Lichtenrader Chaussee in Gro\u00df Ziethen der Vorzug gegen\u00fcber einer Ortslage im Dorfkern Sch\u00f6nefeld gegeben, wo man vielleicht nicht gleich gezwungen gewesen w\u00e4re noch eine Turnhalle hinterher\u00adzuschie\u00adben, die nun in Schuln\u00e4he durch die Gemeinde zu errichten ist.<br \/>\nAn Bedingungen schien die Gabe nicht gebunden zu sein, denn man muss wissen, dass ein Gymnasium in freier Tr\u00e4gerschaft ein betr\u00e4chtliches Schulgeld kostet. Da darf es dann auch nicht darauf ankommen, dass diese Schule f\u00fcr die Sch\u00f6nefelder Ortsteile in absehbarer Zeit mit einem Bus nicht erreichbar sein wird. Also m\u00fcssen Eltern neben religi\u00f6ser Aufgeschlossenheit auch etwas auf sich nehmen, wenn sie nicht gerade aus Berlin kommen.<br \/>\nObwohl wir irgendwann einmal die Gemeindevertretung gew\u00e4hlt haben, wird nicht mehr jeder im Blick haben, dass es dort bunter als Im Bundestag ist, denn die 23 Sitze teilen sich in nicht weniger als sechs mehr oder weniger rivalisierende Gruppen auf, von denen etwa die H\u00e4lfte irgendein Parteibuch in der Tasche hat.<br \/>\nNun leiden wir unter einer Parteien\u00adherrschaft nicht nur in der allgemeinen Politik, sondern deren Sinnlosigkeit wird auf kommunaler Ebene besonders schmerzlich. Noch sind die Gr\u00e4ben offen, die die letzte B\u00fcrgermeisterwahl gerissen hat, wo das Parteienklavier leider auch ein wenig gespielt wurde, aber die B\u00fcrger das bereits anders sahen. Da kann es jetzt schon mal wichtiger sein, dem B\u00fcrgermeister einen Denkzettel zu verpassen und dieses zweifelhafte System auch in unsrer L\u00e4ndlichkeit durchzuboxen.<br \/>\nMan liest in dem Beschluss weder einen festgelegten Anteil Sch\u00f6nefelder Sch\u00fcler heraus, noch, ob es Sonder\u00adregelungen f\u00fcr sozial Schwache aus unseren Ortsteilen gibt. Wir wollen aber nicht ausschlie\u00dfen, dass es das geben k\u00f6nnte. Vielleicht kommt ja eine Antwort aus dem Adenauerhaus, das wir offenbar brauchen, um in unserer Gemeinde Vern\u00fcnftiges zuwege zu bringen.<\/p>\n<p>Lieber Konrad Adenauer<br \/>\nich bin ja nur gewesner Bauer<br \/>\nder Honecker ist ja nun tot<br \/>\nund war auch einigen zu rot<br \/>\njetzt haben wir Parteienspektrum<br \/>\nkomm&#8216; viele Farben jetzt zu Ehren<br \/>\nein Einzelner ist viel zu dumm<br \/>\nsich greller Buntheit zu erwehren<\/p>\n<p>Nun bitte sagen Sie postum<br \/>\nwas sollen wir denn hier nur tun<br \/>\nuns kommt so manche Frage ein<br \/>\nund am sch\u00f6nsten w\u00fcrd&#8216; es sein<br \/>\nwenn Sie als Spektrum das entscheiden<br \/>\nbin doch Bauer nur gewesen<br \/>\nnicht wie Ihr Kreis, so handverlesen<br \/>\nSie halten das hier all f\u00fcr richtig?<br \/>\nNur Ihre Farbe, die ist wichtig?<br \/>\nDa sag ich: &#8222;Konrad Dankesch\u00f6n,<br \/>\nnun lernte ich recht schwarz zu sehn.&#8220;<br \/>\n<em><br \/>\nC.R. im Waltersdorfe 17.3.2012<\/em><\/p>\n","protected":false},"excerpt":{"rendered":"<p>Evangelisches Gymnasium Sch\u00f6nefeld &nbsp; man soll in Sch\u00f6nefeld auch Abitur machen k\u00f6nnen Ein Millionenprojekt ist jetzt auf dem Weg. Die Gemeinde wird sich in zwei Jahren mit einem richtigen Gymnasium schm\u00fccken k\u00f6nnen, erm\u00f6glicht durch einen Beschluss der Gemeindevertre\u00adtung. Zu der&#8230;<br \/><a class=\"read-more-button\" href=\"https:\/\/www.gedichtladen.de\/blog\/archive\/856\">Mehr Lesen<\/a><\/p>\n","protected":false},"author":1,"featured_media":0,"comment_status":"closed","ping_status":"closed","sticky":false,"template":"","format":"standard","meta":{"footnotes":""},"categories":[12],"tags":[],"class_list":["post-856","post","type-post","status-publish","format-standard","hentry","category-kolumne"],"_links":{"self":[{"href":"https:\/\/www.gedichtladen.de\/blog\/wp-json\/wp\/v2\/posts\/856","targetHints":{"allow":["GET"]}}],"collection":[{"href":"https:\/\/www.gedichtladen.de\/blog\/wp-json\/wp\/v2\/posts"}],"about":[{"href":"https:\/\/www.gedichtladen.de\/blog\/wp-json\/wp\/v2\/types\/post"}],"author":[{"embeddable":true,"href":"https:\/\/www.gedichtladen.de\/blog\/wp-json\/wp\/v2\/users\/1"}],"replies":[{"embeddable":true,"href":"https:\/\/www.gedichtladen.de\/blog\/wp-json\/wp\/v2\/comments?post=856"}],"version-history":[{"count":5,"href":"https:\/\/www.gedichtladen.de\/blog\/wp-json\/wp\/v2\/posts\/856\/revisions"}],"predecessor-version":[{"id":4441,"href":"https:\/\/www.gedichtladen.de\/blog\/wp-json\/wp\/v2\/posts\/856\/revisions\/4441"}],"wp:attachment":[{"href":"https:\/\/www.gedichtladen.de\/blog\/wp-json\/wp\/v2\/media?parent=856"}],"wp:term":[{"taxonomy":"category","embeddable":true,"href":"https:\/\/www.gedichtladen.de\/blog\/wp-json\/wp\/v2\/categories?post=856"},{"taxonomy":"post_tag","embeddable":true,"href":"https:\/\/www.gedichtladen.de\/blog\/wp-json\/wp\/v2\/tags?post=856"}],"curies":[{"name":"wp","href":"https:\/\/api.w.org\/{rel}","templated":true}]}}