{"id":797,"date":"2012-01-30T21:53:04","date_gmt":"2012-01-30T19:53:04","guid":{"rendered":"http:\/\/www.gedichtladen.de\/blog\/?p=797"},"modified":"2023-12-08T23:01:04","modified_gmt":"2023-12-08T21:01:04","slug":"kolumne-kw05","status":"publish","type":"post","link":"https:\/\/www.gedichtladen.de\/blog\/archive\/797","title":{"rendered":"Kolumne KW05"},"content":{"rendered":"<p><strong>Das n\u00e4chste Fest der Stille in Arbeit <\/strong><\/p>\n<p>&nbsp;<\/p>\n<p>Das Fest der Stille 2011 war ein unbe\u00adstreit\u00adbarer Erfolg, nun soll es 2012 noch besser werden. Dazu fanden sich am 26.1. 12 aktive B\u00fcrger im JUSEC zusammen, und der Kreis der Aktiven ist nat\u00fcrlich noch gr\u00f6\u00dfer, aber einige sind ja leider immer verhindert.<\/p>\n<p>\nKleine Pannen, wie das Schlangestehen an der Toilette, das Vergessen der K\u00fcrbissup\u00adpe und dass die Aufr\u00e4um- und Reinigungs\u00adar\u00adbei\u00adten dann nur noch wenigen oblag, sollen das n\u00e4chste Mal vermieden werden. Auch die Werbung h\u00e4tte preiswerter und griffiger sein k\u00f6nnen.<!--more--> Da ist es erfreulich, dass sich Sebastian Wurbs im Namen der Jugendfeuerwehr gleich bereiterkl\u00e4rte, die Gestaltung der Plakate und das Hin- und Wegr\u00e4umen der Tische und St\u00fchle mit zu \u00fcbernehmen.<\/p>\n<p>\nObwohl sich einige \u00fcber den Eintritt beschwerten, wollten manche auch etwas spenden auf dem Fest und wir hatten daf\u00fcr keine Ein\u00adrichtung getroffen, auch das soll diesmal klappen. \u00dcberhaupt ist eine gro\u00dfe Bereit\u00adschaft bei vielen zu ver\u00adzeichnen, etwas aktiv zum Fest beizutra\u00adgen. Noch mancher h\u00e4tte gern einen Kuchen gebacken und das wollen wir diesmal auch besser er\u00adm\u00f6g\u00adlichen. Gerade die Torten und auch selbstgebackene Stolle hatten es ja den Festteilnehmern angetan, so dass von Schwarzw\u00e4lder Kirsch und Mandari\u00adnen-Schmand-Torte bald nichts mehr zu sehen gewesen ist. <\/p>\n<p>\nAls gute Idee, wie m\u00f6glichst viele schon bei der Vorbereitung dabei sein k\u00f6nnen, wurde geboren, dass der Weihnachtsmann an die Kinder kleine Geschenke verteilen k\u00f6nnte, die wir vorher einsammeln, denn manche Kinder hatten Gedichte und Lieder parat und der Weihnachtsmann stand dann leider mit leeren H\u00e4nden da.  Auch hatten wir ja beim ersten Mal alle Sponsoren mit einer Kleinigkeit bedacht. Das k\u00f6nnte man vielleicht auch auf diesem Wege abwickeln.<\/p>\n<p>\nDie Suche nach Sponsoren wird uns ja auch diesmal besch\u00e4ftigen, denn bislang liegt nur die Zusage des Ortsbeirats \u00fcber 500 Euro in der Kasse. Nat\u00fcrlich hoffen wir auch wieder auf eine Gabe des Flughafens, aber da wir etwa 200 Gewerbe in Walters\u00addorf haben, k\u00f6nnte man auch auf diesem Wege noch mehr erreichen. <\/p>\n<p>\nEs sollen wieder viele Dinge vom Feinsten angeboten werden. So wollen wir diesmal echte Th\u00fcringer Bratwurst ranschaffen und dem Umstand mehr Rechnung tragen, dass einige mit gesundem Appetit schon um 14 \u2026 15 Uhr antreten und gleich auch zu Herzhaftem greifen.<\/p>\n<p>\nDie noch kurz vor dem Fest aufgekommene Idee Photos mit dem Weihnachtsmann anzubieten, kam nicht mehr so recht zum Zuge und erst in letzter Minute stellte sich heraus, dass wir auch ein Photographin in Waltersdorf haben, die ja dann das Erinne\u00adrungs\u00adphoto einiger Aktiver geschossen hat, was anschlie\u00dfend im Sch\u00f6nefelder war. Das wollen wir diesmal auch richtig hinkriegen. <\/p>\n<p>\nErstaunlich gut ist die Sache mit den B\u00fcchern angekommen, wenn auch einer mal einen ganzen Bildband f\u00fcr einen Cent hatte erstehen wollen. Das l\u00e4sst sich gut aus\u00adbauen, wenn wir eine kleine Tausch- und Verkaufsb\u00f6rse daraus machen und das Ange\u00adbot noch um CDs und DVDs erweitern, die doch jeder, mehr oder weniger ungenutzt zu Hause hat.<br \/>\n<strong><br \/>\nDer Weihnachtsmann, Sie wissen schon<br \/>\nbeim Fest der Stille Hauptperson<br \/>\nsoll im Sack ja auch Geschenke haben<br \/>\ndrum hoffen wir auf Ihre Gaben.<br \/>\nDie Rentner und auch unsre Jungen<br \/>\nfanden Torten, Stollen wohl gelungen.<br \/>\nDie waren dann auch schnell verschlungen:<br \/>\nDrum lassen Sie die R\u00f6hren gl\u00fchn<br \/>\nund bringen Sie zum Feste hin<br \/>\nder Backkunst feinste Herrlichkeiten,<br \/>\ndie zu dem Feste zu bereiten<br \/>\nwir hiermit sie ermuntern wollen,<br \/>\ndann spricht man wieder von dem tollen<br \/>\neinzigartig Fest der Stille.<br \/>\n<\/strong><\/p>\n<p>&nbsp;<\/p>\n<p><em> Im Waltersdorfe 27.1.2012<\/em><\/p>\n","protected":false},"excerpt":{"rendered":"<p>Das n\u00e4chste Fest der Stille in Arbeit &nbsp; Das Fest der Stille 2011 war ein unbe\u00adstreit\u00adbarer Erfolg, nun soll es 2012 noch besser werden. Dazu fanden sich am 26.1. 12 aktive B\u00fcrger im JUSEC zusammen, und der Kreis der Aktiven&#8230;<br \/><a class=\"read-more-button\" href=\"https:\/\/www.gedichtladen.de\/blog\/archive\/797\">Mehr Lesen<\/a><\/p>\n","protected":false},"author":1,"featured_media":0,"comment_status":"open","ping_status":"open","sticky":false,"template":"","format":"standard","meta":{"footnotes":""},"categories":[12],"tags":[],"class_list":["post-797","post","type-post","status-publish","format-standard","hentry","category-kolumne"],"_links":{"self":[{"href":"https:\/\/www.gedichtladen.de\/blog\/wp-json\/wp\/v2\/posts\/797","targetHints":{"allow":["GET"]}}],"collection":[{"href":"https:\/\/www.gedichtladen.de\/blog\/wp-json\/wp\/v2\/posts"}],"about":[{"href":"https:\/\/www.gedichtladen.de\/blog\/wp-json\/wp\/v2\/types\/post"}],"author":[{"embeddable":true,"href":"https:\/\/www.gedichtladen.de\/blog\/wp-json\/wp\/v2\/users\/1"}],"replies":[{"embeddable":true,"href":"https:\/\/www.gedichtladen.de\/blog\/wp-json\/wp\/v2\/comments?post=797"}],"version-history":[{"count":3,"href":"https:\/\/www.gedichtladen.de\/blog\/wp-json\/wp\/v2\/posts\/797\/revisions"}],"predecessor-version":[{"id":4451,"href":"https:\/\/www.gedichtladen.de\/blog\/wp-json\/wp\/v2\/posts\/797\/revisions\/4451"}],"wp:attachment":[{"href":"https:\/\/www.gedichtladen.de\/blog\/wp-json\/wp\/v2\/media?parent=797"}],"wp:term":[{"taxonomy":"category","embeddable":true,"href":"https:\/\/www.gedichtladen.de\/blog\/wp-json\/wp\/v2\/categories?post=797"},{"taxonomy":"post_tag","embeddable":true,"href":"https:\/\/www.gedichtladen.de\/blog\/wp-json\/wp\/v2\/tags?post=797"}],"curies":[{"name":"wp","href":"https:\/\/api.w.org\/{rel}","templated":true}]}}