{"id":766,"date":"2012-01-03T00:15:25","date_gmt":"2012-01-02T22:15:25","guid":{"rendered":"http:\/\/www.gedichtladen.de\/blog\/?p=766"},"modified":"2023-12-08T23:01:04","modified_gmt":"2023-12-08T21:01:04","slug":"neujahrsbotschaft","status":"publish","type":"post","link":"https:\/\/www.gedichtladen.de\/blog\/archive\/766","title":{"rendered":"Neujahrsbotschaft"},"content":{"rendered":"<p>F\u00fcr Dich 2012<\/p>\n<p>\n2012, die Welt st\u00fcrzt ein,<br \/>\nvorerst sammeln sich Termine,<br \/>\ntrag in den Maya-Kalender ein,<br \/>\nwas noch zu tun, mit saurer Miene.<\/p>\n<p>\nSoll man sich lieber fallen lassen,<br \/>\nvielleicht in einen Maya-Scho\u00df?<br \/>\nDen kleinen Tod gleich mitzuhassen,<br \/>\nk\u00e4m&#8216; ich nie drauf, was sagst Du blo\u00df?<br \/>\nZu \u00fcberleben Zweitausendzw\u00f6lf, Dir dieses Verslein treulich h\u00f6lf.<\/p>\n<p>C.R.    2. Januar 2012<\/p>\n<p><center><br \/>\n<img decoding=\"async\" src=\"http:\/\/www.gedichtladen.de\/images\/maya_kalender.jpg\" style=\"border:0px\" alt=\"Zeichenfeder\" \/><br \/>\n<\/center><\/p>\n","protected":false},"excerpt":{"rendered":"<p>F\u00fcr Dich 2012 2012, die Welt st\u00fcrzt ein, vorerst sammeln sich Termine, trag in den Maya-Kalender ein, was noch zu tun, mit saurer Miene. Soll man sich lieber fallen lassen, vielleicht in einen Maya-Scho\u00df? Den kleinen Tod gleich mitzuhassen, k\u00e4m&#8216;&#8230;<br \/><a class=\"read-more-button\" href=\"https:\/\/www.gedichtladen.de\/blog\/archive\/766\">Mehr Lesen<\/a><\/p>\n","protected":false},"author":1,"featured_media":0,"comment_status":"open","ping_status":"open","sticky":false,"template":"","format":"standard","meta":{"footnotes":""},"categories":[1,7],"tags":[],"class_list":["post-766","post","type-post","status-publish","format-standard","hentry","category-allgemein","category-leseproben"],"_links":{"self":[{"href":"https:\/\/www.gedichtladen.de\/blog\/wp-json\/wp\/v2\/posts\/766","targetHints":{"allow":["GET"]}}],"collection":[{"href":"https:\/\/www.gedichtladen.de\/blog\/wp-json\/wp\/v2\/posts"}],"about":[{"href":"https:\/\/www.gedichtladen.de\/blog\/wp-json\/wp\/v2\/types\/post"}],"author":[{"embeddable":true,"href":"https:\/\/www.gedichtladen.de\/blog\/wp-json\/wp\/v2\/users\/1"}],"replies":[{"embeddable":true,"href":"https:\/\/www.gedichtladen.de\/blog\/wp-json\/wp\/v2\/comments?post=766"}],"version-history":[{"count":6,"href":"https:\/\/www.gedichtladen.de\/blog\/wp-json\/wp\/v2\/posts\/766\/revisions"}],"predecessor-version":[{"id":4454,"href":"https:\/\/www.gedichtladen.de\/blog\/wp-json\/wp\/v2\/posts\/766\/revisions\/4454"}],"wp:attachment":[{"href":"https:\/\/www.gedichtladen.de\/blog\/wp-json\/wp\/v2\/media?parent=766"}],"wp:term":[{"taxonomy":"category","embeddable":true,"href":"https:\/\/www.gedichtladen.de\/blog\/wp-json\/wp\/v2\/categories?post=766"},{"taxonomy":"post_tag","embeddable":true,"href":"https:\/\/www.gedichtladen.de\/blog\/wp-json\/wp\/v2\/tags?post=766"}],"curies":[{"name":"wp","href":"https:\/\/api.w.org\/{rel}","templated":true}]}}