{"id":64,"date":"2010-09-12T16:09:23","date_gmt":"2010-09-12T14:09:23","guid":{"rendered":"http:\/\/www.gedichtladen.de\/blog\/?p=64"},"modified":"2023-12-08T23:01:06","modified_gmt":"2023-12-08T21:01:06","slug":"natur-und-zweite-natur","status":"publish","type":"post","link":"https:\/\/www.gedichtladen.de\/blog\/archive\/64","title":{"rendered":"Natur und zweite Natur"},"content":{"rendered":"<p> Die Natur nimmt die gepflasterten Wege zur\u00fcck<br \/>\n\u00fcberall rieselt`s von den B\u00e4umen herab<br \/>\nmir fehlt ein Sternenkorb, der war voller Gl\u00fcck<br \/>\nvom Bandma\u00df schneide ich t\u00e4glich ein St\u00fcckchen nur ab<\/p>\n<p>Wir halten das alles hier unten am Laufen<br \/>\nbedienen des Lebens urspr\u00fcnglich Betrieb<br \/>\nzwar kann man das alles fertig schon kaufen<br \/>\ndoch do it yourself ist unser Prinzip<\/p>\n<p>Breite die Sch\u00fcrze aus, es fallen hinein<br \/>\ndie vielen Sterne vom Himmelsschrein<br \/>\nach w\u00e4ren sie alle Dukaten<\/p>\n<p>Und sch\u00fcrze die Lippen, mach die \u00c4ugelein zu<br \/>\ndas Ziel meiner K\u00fcsse bist immer nur Du<br \/>\nich werde Dich niemals verraten<\/p>\n<p>C.R. 9.8.2009<\/p>\n","protected":false},"excerpt":{"rendered":"<p>Die Natur nimmt die gepflasterten Wege zur\u00fcck \u00fcberall rieselt`s von den B\u00e4umen herab mir fehlt ein Sternenkorb, der war voller Gl\u00fcck vom Bandma\u00df schneide ich t\u00e4glich ein St\u00fcckchen nur ab Wir halten das alles hier unten am Laufen bedienen des&#8230;<br \/><a class=\"read-more-button\" href=\"https:\/\/www.gedichtladen.de\/blog\/archive\/64\">Mehr Lesen<\/a><\/p>\n","protected":false},"author":1,"featured_media":0,"comment_status":"open","ping_status":"open","sticky":false,"template":"","format":"standard","meta":{"footnotes":""},"categories":[7],"tags":[],"class_list":["post-64","post","type-post","status-publish","format-standard","hentry","category-leseproben"],"_links":{"self":[{"href":"https:\/\/www.gedichtladen.de\/blog\/wp-json\/wp\/v2\/posts\/64","targetHints":{"allow":["GET"]}}],"collection":[{"href":"https:\/\/www.gedichtladen.de\/blog\/wp-json\/wp\/v2\/posts"}],"about":[{"href":"https:\/\/www.gedichtladen.de\/blog\/wp-json\/wp\/v2\/types\/post"}],"author":[{"embeddable":true,"href":"https:\/\/www.gedichtladen.de\/blog\/wp-json\/wp\/v2\/users\/1"}],"replies":[{"embeddable":true,"href":"https:\/\/www.gedichtladen.de\/blog\/wp-json\/wp\/v2\/comments?post=64"}],"version-history":[{"count":1,"href":"https:\/\/www.gedichtladen.de\/blog\/wp-json\/wp\/v2\/posts\/64\/revisions"}],"predecessor-version":[{"id":65,"href":"https:\/\/www.gedichtladen.de\/blog\/wp-json\/wp\/v2\/posts\/64\/revisions\/65"}],"wp:attachment":[{"href":"https:\/\/www.gedichtladen.de\/blog\/wp-json\/wp\/v2\/media?parent=64"}],"wp:term":[{"taxonomy":"category","embeddable":true,"href":"https:\/\/www.gedichtladen.de\/blog\/wp-json\/wp\/v2\/categories?post=64"},{"taxonomy":"post_tag","embeddable":true,"href":"https:\/\/www.gedichtladen.de\/blog\/wp-json\/wp\/v2\/tags?post=64"}],"curies":[{"name":"wp","href":"https:\/\/api.w.org\/{rel}","templated":true}]}}