{"id":5369,"date":"2026-08-28T18:07:07","date_gmt":"2026-08-28T16:07:07","guid":{"rendered":"https:\/\/www.gedichtladen.de\/blog\/?p=5369"},"modified":"2026-08-29T12:12:16","modified_gmt":"2026-08-29T10:12:16","slug":"sommerkosmetik","status":"publish","type":"post","link":"https:\/\/www.gedichtladen.de\/blog\/archive\/5369","title":{"rendered":"SOMMERKOSMETIK"},"content":{"rendered":"<p><strong>SOMMERKOSMETIK<\/strong><\/p>\n<p>Zuweilen mu\u00df ich aus meinem Geh\u00e4use<br \/>\nUm freiwillig einsam zu sein<br \/>\nDer Alltag f\u00e4llt ab<br \/>\nDas Laute wird leise<br \/>\nUnd Wichtiges nichtig und klein<br \/>\nAn einem Ufer Ruhe ich aus<br \/>\ngenie\u00dfe schimmerndes Gr\u00fcn<br \/>\nIch lege ab<br \/>\nUnd schwimme hinaus<br \/>\nSo pfleg ich mein Nervenkost\u00fcm<br \/>\nVerschwindet die Sonne im Watteversteck<br \/>\nSo k\u00fcmmert mich das weiter<br \/>\nnicht<br \/>\nUnd hat die Wolke auch ein Leck<br \/>\nIch pflege damit mein Gesicht<br \/>\nEin frisch lackierter Sonnenstrahl<br \/>\nBegleitet mich nach Haus<br \/>\nNach DER Kosmetik sehe ich<br \/>\nBedeutend besser aus<\/p>\n<p>CM<\/p>\n","protected":false},"excerpt":{"rendered":"<p>SOMMERKOSMETIK Zuweilen mu\u00df ich aus meinem Geh\u00e4use Um freiwillig einsam zu sein Der Alltag f\u00e4llt ab Das Laute wird leise Und Wichtiges nichtig und klein An einem Ufer Ruhe ich aus genie\u00dfe schimmerndes Gr\u00fcn Ich lege ab Und schwimme hinaus&#8230;<br \/><a class=\"read-more-button\" href=\"https:\/\/www.gedichtladen.de\/blog\/archive\/5369\">Mehr Lesen<\/a><\/p>\n","protected":false},"author":1,"featured_media":0,"comment_status":"closed","ping_status":"closed","sticky":false,"template":"","format":"standard","meta":{"footnotes":""},"categories":[1,23],"tags":[],"class_list":["post-5369","post","type-post","status-publish","format-standard","hentry","category-allgemein","category-cm"],"_links":{"self":[{"href":"https:\/\/www.gedichtladen.de\/blog\/wp-json\/wp\/v2\/posts\/5369","targetHints":{"allow":["GET"]}}],"collection":[{"href":"https:\/\/www.gedichtladen.de\/blog\/wp-json\/wp\/v2\/posts"}],"about":[{"href":"https:\/\/www.gedichtladen.de\/blog\/wp-json\/wp\/v2\/types\/post"}],"author":[{"embeddable":true,"href":"https:\/\/www.gedichtladen.de\/blog\/wp-json\/wp\/v2\/users\/1"}],"replies":[{"embeddable":true,"href":"https:\/\/www.gedichtladen.de\/blog\/wp-json\/wp\/v2\/comments?post=5369"}],"version-history":[{"count":1,"href":"https:\/\/www.gedichtladen.de\/blog\/wp-json\/wp\/v2\/posts\/5369\/revisions"}],"predecessor-version":[{"id":5370,"href":"https:\/\/www.gedichtladen.de\/blog\/wp-json\/wp\/v2\/posts\/5369\/revisions\/5370"}],"wp:attachment":[{"href":"https:\/\/www.gedichtladen.de\/blog\/wp-json\/wp\/v2\/media?parent=5369"}],"wp:term":[{"taxonomy":"category","embeddable":true,"href":"https:\/\/www.gedichtladen.de\/blog\/wp-json\/wp\/v2\/categories?post=5369"},{"taxonomy":"post_tag","embeddable":true,"href":"https:\/\/www.gedichtladen.de\/blog\/wp-json\/wp\/v2\/tags?post=5369"}],"curies":[{"name":"wp","href":"https:\/\/api.w.org\/{rel}","templated":true}]}}