{"id":5178,"date":"2026-03-25T21:00:10","date_gmt":"2026-03-25T19:00:10","guid":{"rendered":"https:\/\/www.gedichtladen.de\/blog\/?p=5178"},"modified":"2026-03-26T17:22:18","modified_gmt":"2026-03-26T15:22:18","slug":"am-zeuthener-see-maerz-26","status":"publish","type":"post","link":"https:\/\/www.gedichtladen.de\/blog\/archive\/5178","title":{"rendered":"Am Zeuthener See &#8211; M\u00e4rz `26"},"content":{"rendered":"<p><strong>Am Zeuthener See &#8211; M\u00e4rz `26<\/strong><\/p>\n<p>Ach Deutschland, wie viele Zeuthens Du hast<br \/>\nUnd Heimat nennt davon jeder ein St\u00fcck<br \/>\nWie tr\u00e4gt man nur deren Verwaltung Last<br \/>\nMeist w\u00fcnscht man sich alte Zeiten zur\u00fcck<\/p>\n<p>Die jetzige sei die beste von allen<br \/>\nMan liest es und ist doch skeptisch geblieben<br \/>\nDie Glocken des Glaubens sind am verhallen<br \/>\nUnd Dr\u00f6ges wird meist nur noch aufgeschrieben<\/p>\n<p>Ich les einen Artikel vom Autor Bernd Speer<br \/>\nIm Am Zeuthener See, der sonst voll von Einerlei<br \/>\nEr schreibt \u00fcber Zeiten, die lang schon her<br \/>\nEin Ereignis ist\u2018s, endg\u00fcltig, sagt man, vorbei<\/p>\n<p>Und das war wohl auch was wie Demokratie<br \/>\nEin Schlagwort heute auf Wahlen beschr\u00e4nkt<br \/>\nAls Miersdorfer B\u00fcrger und solche von Zeuthen<br \/>\nEs den h\u00f6hren Beh\u00f6rden haben eingetr\u00e4nkt<\/p>\n<p>Man schlug diese mit ihren eigenen Waffen<br \/>\nDenn alles sollte proletarisch wie Miersdorf sein<br \/>\nUm so ein \u201eproletarisches Zeuthen\u201c zu schaffen<br \/>\nKamen Sie bei DDR Ministerien ein<\/p>\n<p>Sowjet, das hei\u00dft Rat, wer das heute noch wei\u00df<br \/>\nKann sich wahrlicher Bildung r\u00fchmen<br \/>\nAn der Paula die Inschrift: Der Jugend Flei\u00df<br \/>\nSoll sorgen, dass Konzepte sich nicht verfl\u00fcmen<\/p>\n<p>CER 25.3.2026<\/p>\n","protected":false},"excerpt":{"rendered":"<p>Am Zeuthener See &#8211; M\u00e4rz `26 Ach Deutschland, wie viele Zeuthens Du hast Und Heimat nennt davon jeder ein St\u00fcck Wie tr\u00e4gt man nur deren Verwaltung Last Meist w\u00fcnscht man sich alte Zeiten zur\u00fcck Die jetzige sei die beste von&#8230;<br \/><a class=\"read-more-button\" href=\"https:\/\/www.gedichtladen.de\/blog\/archive\/5178\">Mehr Lesen<\/a><\/p>\n","protected":false},"author":1,"featured_media":0,"comment_status":"closed","ping_status":"closed","sticky":false,"template":"","format":"standard","meta":{"footnotes":""},"categories":[1],"tags":[],"class_list":["post-5178","post","type-post","status-publish","format-standard","hentry","category-allgemein"],"_links":{"self":[{"href":"https:\/\/www.gedichtladen.de\/blog\/wp-json\/wp\/v2\/posts\/5178","targetHints":{"allow":["GET"]}}],"collection":[{"href":"https:\/\/www.gedichtladen.de\/blog\/wp-json\/wp\/v2\/posts"}],"about":[{"href":"https:\/\/www.gedichtladen.de\/blog\/wp-json\/wp\/v2\/types\/post"}],"author":[{"embeddable":true,"href":"https:\/\/www.gedichtladen.de\/blog\/wp-json\/wp\/v2\/users\/1"}],"replies":[{"embeddable":true,"href":"https:\/\/www.gedichtladen.de\/blog\/wp-json\/wp\/v2\/comments?post=5178"}],"version-history":[{"count":2,"href":"https:\/\/www.gedichtladen.de\/blog\/wp-json\/wp\/v2\/posts\/5178\/revisions"}],"predecessor-version":[{"id":5183,"href":"https:\/\/www.gedichtladen.de\/blog\/wp-json\/wp\/v2\/posts\/5178\/revisions\/5183"}],"wp:attachment":[{"href":"https:\/\/www.gedichtladen.de\/blog\/wp-json\/wp\/v2\/media?parent=5178"}],"wp:term":[{"taxonomy":"category","embeddable":true,"href":"https:\/\/www.gedichtladen.de\/blog\/wp-json\/wp\/v2\/categories?post=5178"},{"taxonomy":"post_tag","embeddable":true,"href":"https:\/\/www.gedichtladen.de\/blog\/wp-json\/wp\/v2\/tags?post=5178"}],"curies":[{"name":"wp","href":"https:\/\/api.w.org\/{rel}","templated":true}]}}