{"id":5158,"date":"2026-03-08T20:27:07","date_gmt":"2026-03-08T18:27:07","guid":{"rendered":"https:\/\/www.gedichtladen.de\/blog\/?p=5158"},"modified":"2026-03-08T20:34:40","modified_gmt":"2026-03-08T18:34:40","slug":"sehr-geehrter-herr-boehringer","status":"publish","type":"post","link":"https:\/\/www.gedichtladen.de\/blog\/archive\/5158","title":{"rendered":"Sehr geehrter Herr Boehringer"},"content":{"rendered":"<p>Sehr geehrter Herr Boehringer,<\/p>\n<p>ich habe Ihr Interview f\u00fcr die Weltwoche gesehen und dies hat mich trotz der L\u00e4nge gefesselt. Sie bezeichnen sich selber als Informationsjunky und geben Einblick in die Zerrei\u00dfproben, vor der eine junge Partei wie die Ihre dabei steht. Ich muss sagen, dass man diese Eigenschaft vielleicht auch braucht, bei dem Informationstsunami, der die letzten Tage \u00fcber uns hereingebrochen ist.<br \/>\nDa kann man sich als mitdenkender und -f\u00fchlender B\u00fcrger nur in die Lekt\u00fcre oder das fr\u00fchlingshafte Wetter retten. Sie aber scheinen \u00fcber die F\u00e4higkeit zu verf\u00fcgen, die Fakten nicht nur aufzusaugen, sondern auch einzuordnen.<br \/>\nSie sprechen auch von Lernkurven, die Sie in Ihrem Leben epochal durchlaufen und die hoffentlich nicht bedeuten, dass vorherige Einblicke von Fall zu Fall wieder ad acta gelegt werden.<br \/>\nSie machten auch eine Andeutung, die sehr meinen bescheidenen Erkenntnissen entspricht und betrifft Ihre liberale Einstellung. Darf man denn schon denken, dass die Zeit der Parteien nicht eigentlich in naher Zukunft vor\u00fcber sei? Sie selbst verschieben eine nationale Einigung, und best\u00fcnde sie nur in einer tragf\u00e4higen Koalition mit Ihrer Partei, die ich immer noch f\u00fcr die beste halte, aber eben auch nur ein Auslaufmodell, auf einen Zeitraum von f\u00fcnf bis zehn Jahren. Darf man unter Ber\u00fccksichtigung des Nichtaneckens am Grundgesetz eine Zeit herbeisehnen, wo die Deutschen nicht zerstritten unter einer Parteienherrschaft leben, sondern in Eintracht und in einem schlanken Staat, der von Sachverst\u00e4ndigen wie Sie getragen ist?<br \/>\nSie erkennen darin vielleicht wieder ein kollektives Modell, das Sie bei Bj\u00f6rn H\u00f6cke monieren und wovon ich Sie werde nur schwerlich abbringen k\u00f6nnen, aber wir Ossis haben mit dem Gut der Kollektivit\u00e4t nicht die schlechtesten Erfahrungen gemacht und der Aufbruch, der notwendig scheint, um das Schicksal Deutschlands zu wenden, k\u00f6nnte eher von unten kommen als aus einem jahrzehntelangen Parteienstreit.<br \/>\nGesetzt den Fall, Ihre Partei w\u00fcrde eines Tages allein regieren, w\u00fcrde sich da das Volk nicht wieder von e i n e r Partei regiert vorkommen und sich nicht wohl befinden? Wie viele k\u00e4men sich ausgeschlossen oder \u00fcbert\u00f6lpelt vor?<br \/>\nBewegung statt Partei &#8211; das w\u00fcrde einen unangreifbar machen, auch gegen eventuelle Verbotsverfahren. Dazu m\u00fcsste man sich die Eigenschaft aneignen zu integrieren.<br \/>\nErlauben Sie mir noch abschlie\u00dfend auf einen Artikel zu verweisen, der diesen Gedanken aufgreift:<br \/>\n<a href=\"https:\/\/www.gedichtladen.de\/blog\/archive\/5132\"> Den guten Glauben gestehe ich allen zu. <\/a><\/p>\n<p>Mit freundlichen Gr\u00fc\u00dfen<br \/>\nDr. Christian Rempel<br \/>\nRandberlin<\/p>\n","protected":false},"excerpt":{"rendered":"<p>Sehr geehrter Herr Boehringer, ich habe Ihr Interview f\u00fcr die Weltwoche gesehen und dies hat mich trotz der L\u00e4nge gefesselt. Sie bezeichnen sich selber als Informationsjunky und geben Einblick in die Zerrei\u00dfproben, vor der eine junge Partei wie die Ihre&#8230;<br \/><a class=\"read-more-button\" href=\"https:\/\/www.gedichtladen.de\/blog\/archive\/5158\">Mehr Lesen<\/a><\/p>\n","protected":false},"author":1,"featured_media":0,"comment_status":"closed","ping_status":"closed","sticky":false,"template":"","format":"standard","meta":{"footnotes":""},"categories":[1],"tags":[],"class_list":["post-5158","post","type-post","status-publish","format-standard","hentry","category-allgemein"],"_links":{"self":[{"href":"https:\/\/www.gedichtladen.de\/blog\/wp-json\/wp\/v2\/posts\/5158","targetHints":{"allow":["GET"]}}],"collection":[{"href":"https:\/\/www.gedichtladen.de\/blog\/wp-json\/wp\/v2\/posts"}],"about":[{"href":"https:\/\/www.gedichtladen.de\/blog\/wp-json\/wp\/v2\/types\/post"}],"author":[{"embeddable":true,"href":"https:\/\/www.gedichtladen.de\/blog\/wp-json\/wp\/v2\/users\/1"}],"replies":[{"embeddable":true,"href":"https:\/\/www.gedichtladen.de\/blog\/wp-json\/wp\/v2\/comments?post=5158"}],"version-history":[{"count":3,"href":"https:\/\/www.gedichtladen.de\/blog\/wp-json\/wp\/v2\/posts\/5158\/revisions"}],"predecessor-version":[{"id":5161,"href":"https:\/\/www.gedichtladen.de\/blog\/wp-json\/wp\/v2\/posts\/5158\/revisions\/5161"}],"wp:attachment":[{"href":"https:\/\/www.gedichtladen.de\/blog\/wp-json\/wp\/v2\/media?parent=5158"}],"wp:term":[{"taxonomy":"category","embeddable":true,"href":"https:\/\/www.gedichtladen.de\/blog\/wp-json\/wp\/v2\/categories?post=5158"},{"taxonomy":"post_tag","embeddable":true,"href":"https:\/\/www.gedichtladen.de\/blog\/wp-json\/wp\/v2\/tags?post=5158"}],"curies":[{"name":"wp","href":"https:\/\/api.w.org\/{rel}","templated":true}]}}