{"id":4982,"date":"2025-10-06T16:48:05","date_gmt":"2025-10-06T14:48:05","guid":{"rendered":"https:\/\/www.gedichtladen.de\/blog\/?p=4982"},"modified":"2025-10-06T16:48:05","modified_gmt":"2025-10-06T14:48:05","slug":"befindlichkeit","status":"publish","type":"post","link":"https:\/\/www.gedichtladen.de\/blog\/archive\/4982","title":{"rendered":"Befindlichkeit"},"content":{"rendered":"<p><strong>Befindlichkeit<\/strong><\/p>\n<p>Es dr\u00e4uen mit Gefahren<br \/>\nDie M\u00e4chtigen und ihr Gebaren<br \/>\nDas macht mir m\u00e4chtig Sorgen<br \/>\nWollen sie den Krieg gleich morgen?<\/p>\n<p>Es zittert unsre m\u00e4rkisch Flur<br \/>\nDenn wohin fl\u00fcchtet sie dann nur?<br \/>\nSie sitzt auf deutschem Boden fest<br \/>\nSo viel beschmutzt ist auch ihr Nest<\/p>\n<p>Geh\u00f6ren sie hinweggefegt<br \/>\nDenen sich kein Herz mehr regt<br \/>\nMan will es meinen, doch bleibt man stumm<\/p>\n<p>Es treibt einen der Gedanke um<br \/>\nDas w\u00e4re wieder das Gesetz<br \/>\nDas mir so lieb und das ich sch\u00e4tz<\/p>\n<p>CER 26.9.2025<\/p>\n","protected":false},"excerpt":{"rendered":"<p>Befindlichkeit Es dr\u00e4uen mit Gefahren Die M\u00e4chtigen und ihr Gebaren Das macht mir m\u00e4chtig Sorgen Wollen sie den Krieg gleich morgen? Es zittert unsre m\u00e4rkisch Flur Denn wohin fl\u00fcchtet sie dann nur? Sie sitzt auf deutschem Boden fest So viel&#8230;<br \/><a class=\"read-more-button\" href=\"https:\/\/www.gedichtladen.de\/blog\/archive\/4982\">Mehr Lesen<\/a><\/p>\n","protected":false},"author":1,"featured_media":0,"comment_status":"closed","ping_status":"closed","sticky":false,"template":"","format":"standard","meta":{"footnotes":""},"categories":[1],"tags":[],"class_list":["post-4982","post","type-post","status-publish","format-standard","hentry","category-allgemein"],"_links":{"self":[{"href":"https:\/\/www.gedichtladen.de\/blog\/wp-json\/wp\/v2\/posts\/4982","targetHints":{"allow":["GET"]}}],"collection":[{"href":"https:\/\/www.gedichtladen.de\/blog\/wp-json\/wp\/v2\/posts"}],"about":[{"href":"https:\/\/www.gedichtladen.de\/blog\/wp-json\/wp\/v2\/types\/post"}],"author":[{"embeddable":true,"href":"https:\/\/www.gedichtladen.de\/blog\/wp-json\/wp\/v2\/users\/1"}],"replies":[{"embeddable":true,"href":"https:\/\/www.gedichtladen.de\/blog\/wp-json\/wp\/v2\/comments?post=4982"}],"version-history":[{"count":1,"href":"https:\/\/www.gedichtladen.de\/blog\/wp-json\/wp\/v2\/posts\/4982\/revisions"}],"predecessor-version":[{"id":4983,"href":"https:\/\/www.gedichtladen.de\/blog\/wp-json\/wp\/v2\/posts\/4982\/revisions\/4983"}],"wp:attachment":[{"href":"https:\/\/www.gedichtladen.de\/blog\/wp-json\/wp\/v2\/media?parent=4982"}],"wp:term":[{"taxonomy":"category","embeddable":true,"href":"https:\/\/www.gedichtladen.de\/blog\/wp-json\/wp\/v2\/categories?post=4982"},{"taxonomy":"post_tag","embeddable":true,"href":"https:\/\/www.gedichtladen.de\/blog\/wp-json\/wp\/v2\/tags?post=4982"}],"curies":[{"name":"wp","href":"https:\/\/api.w.org\/{rel}","templated":true}]}}