{"id":4980,"date":"2025-10-05T22:29:30","date_gmt":"2025-10-05T20:29:30","guid":{"rendered":"https:\/\/www.gedichtladen.de\/blog\/?p=4980"},"modified":"2025-10-05T22:29:30","modified_gmt":"2025-10-05T20:29:30","slug":"die-vigee","status":"publish","type":"post","link":"https:\/\/www.gedichtladen.de\/blog\/archive\/4980","title":{"rendered":"Die Vige\u00e9"},"content":{"rendered":"<p><strong>Die Vige\u00e9<\/strong><\/p>\n<p>Renate Feyl ist immer eine gut lesbare Autorin, wenn man erfahren will, welche Rolle bedeutende Frauen in der Geschichte einnahmen. So auch die Erfolgsgeschichte der Portraitmalerin Elisabeth Vige\u00e9 zu Zeiten der Franz\u00f6sischen Revolution. Immer auf der Suche nach der Farbe des Lebens, die sie dann auch vermeint gefunden zu haben, ist sie schon als Jugendliche perfekt und im vorrevolution\u00e4ren Frankreich gefragt. Als dann die Royalisten gejagt werden und die Guillotinen Tausende dahinraffen, begibt sie sich auf eine jahrelange Reise durch die noch fest im Stand befindlichen Monarchien Europas bis hin nach Petersburg und Moskau.<\/p>\n<p>Obwohl sie auch selbst sehr sch\u00f6n ist, keine besch\u00f6nigende Portraits malt, sondern eben lebendige, was ihr den Beinamen Mme Rubens eintr\u00e4gt und sie allerorts viel Geld ermalt, ist ihr pers\u00f6nliches Leben \u00fcberschattet. M\u00e4nner halten sich zur\u00fcck, weil ihnen ihr Talent unheimlich ist und die heranwachsende Tochter missr\u00e4t v\u00f6llig. <\/p>\n<p>Es bleibt immer ein bisschen die Frage offen, was uns die nunmehr 81j\u00e4hrige Schriftstellerin Renate Feyl mit ihren hervorragend recherchierten Romanen sagen will und man empfindet immer eine gewisse Seichtheit. Lieb\u00e4ugelt sie mit dem Erfolg der Vige\u00e9? Diese Frage bleibt freilich offen und ist vielleicht sogar das Geheimnis der Romane von Renate Feyl. Nicht sie bezieht die Position, die man erkennen k\u00f6nnte, sondern man ist aufgefordert, seine eigene zu finden. Und so sitze ich an langen Tagen und Abenden und lese ihre B\u00fccher, immer im Hinterkopf, welch M\u00fche sich die nun schon betagte Autorin damit gegeben hat. Es w\u00fcrde sich nicht geh\u00f6ren, ein Buch von ihr halbgelesen wieder wegzulegen. Bis zum letzten Wort &#8211; das sei ihrer M\u00fche Lohn. Mit dem Kaufpreis ist es da nicht getan. <\/p>\n<p>CER 5.10.25<\/p>\n","protected":false},"excerpt":{"rendered":"<p>Die Vige\u00e9 Renate Feyl ist immer eine gut lesbare Autorin, wenn man erfahren will, welche Rolle bedeutende Frauen in der Geschichte einnahmen. So auch die Erfolgsgeschichte der Portraitmalerin Elisabeth Vige\u00e9 zu Zeiten der Franz\u00f6sischen Revolution. Immer auf der Suche nach&#8230;<br \/><a class=\"read-more-button\" href=\"https:\/\/www.gedichtladen.de\/blog\/archive\/4980\">Mehr Lesen<\/a><\/p>\n","protected":false},"author":1,"featured_media":0,"comment_status":"closed","ping_status":"closed","sticky":false,"template":"","format":"standard","meta":{"footnotes":""},"categories":[1],"tags":[],"class_list":["post-4980","post","type-post","status-publish","format-standard","hentry","category-allgemein"],"_links":{"self":[{"href":"https:\/\/www.gedichtladen.de\/blog\/wp-json\/wp\/v2\/posts\/4980","targetHints":{"allow":["GET"]}}],"collection":[{"href":"https:\/\/www.gedichtladen.de\/blog\/wp-json\/wp\/v2\/posts"}],"about":[{"href":"https:\/\/www.gedichtladen.de\/blog\/wp-json\/wp\/v2\/types\/post"}],"author":[{"embeddable":true,"href":"https:\/\/www.gedichtladen.de\/blog\/wp-json\/wp\/v2\/users\/1"}],"replies":[{"embeddable":true,"href":"https:\/\/www.gedichtladen.de\/blog\/wp-json\/wp\/v2\/comments?post=4980"}],"version-history":[{"count":1,"href":"https:\/\/www.gedichtladen.de\/blog\/wp-json\/wp\/v2\/posts\/4980\/revisions"}],"predecessor-version":[{"id":4981,"href":"https:\/\/www.gedichtladen.de\/blog\/wp-json\/wp\/v2\/posts\/4980\/revisions\/4981"}],"wp:attachment":[{"href":"https:\/\/www.gedichtladen.de\/blog\/wp-json\/wp\/v2\/media?parent=4980"}],"wp:term":[{"taxonomy":"category","embeddable":true,"href":"https:\/\/www.gedichtladen.de\/blog\/wp-json\/wp\/v2\/categories?post=4980"},{"taxonomy":"post_tag","embeddable":true,"href":"https:\/\/www.gedichtladen.de\/blog\/wp-json\/wp\/v2\/tags?post=4980"}],"curies":[{"name":"wp","href":"https:\/\/api.w.org\/{rel}","templated":true}]}}