{"id":4977,"date":"2025-09-28T20:38:17","date_gmt":"2025-09-28T18:38:17","guid":{"rendered":"https:\/\/www.gedichtladen.de\/blog\/?p=4977"},"modified":"2025-09-28T20:38:17","modified_gmt":"2025-09-28T18:38:17","slug":"vor-der-groesse","status":"publish","type":"post","link":"https:\/\/www.gedichtladen.de\/blog\/archive\/4977","title":{"rendered":"Vor der Gr\u00f6\u00dfe"},"content":{"rendered":"<p><strong>Vor der Gr\u00f6\u00dfe<\/strong><\/p>\n<p>Auf dem Balkon wir sa\u00dfen<br \/>\nUnd der Hausfrau Kuchen a\u00dfen<br \/>\nDoch mir geht nur jeder Sinn<br \/>\nZu dem Meister Abbe hin<br \/>\nEr raunt mir zu durch Tabaksqualm<br \/>\n&#8222;Ich suche Flussspat auf schweizer Alm&#8220;<br \/>\nNicht nur an Wuchs bin da ein Zwerg<br \/>\nGemessen auch am Lebenswerk<br \/>\nDes kr\u00e4nklichen Zweimetermanns<br \/>\nVielleicht lern ich es, bis dass ich kanns<\/p>\n<p>CER 28.9.2025<\/p>\n","protected":false},"excerpt":{"rendered":"<p>Vor der Gr\u00f6\u00dfe Auf dem Balkon wir sa\u00dfen Und der Hausfrau Kuchen a\u00dfen Doch mir geht nur jeder Sinn Zu dem Meister Abbe hin Er raunt mir zu durch Tabaksqualm &#8222;Ich suche Flussspat auf schweizer Alm&#8220; Nicht nur an Wuchs&#8230;<br \/><a class=\"read-more-button\" href=\"https:\/\/www.gedichtladen.de\/blog\/archive\/4977\">Mehr Lesen<\/a><\/p>\n","protected":false},"author":1,"featured_media":0,"comment_status":"closed","ping_status":"closed","sticky":false,"template":"","format":"standard","meta":{"footnotes":""},"categories":[1],"tags":[],"class_list":["post-4977","post","type-post","status-publish","format-standard","hentry","category-allgemein"],"_links":{"self":[{"href":"https:\/\/www.gedichtladen.de\/blog\/wp-json\/wp\/v2\/posts\/4977","targetHints":{"allow":["GET"]}}],"collection":[{"href":"https:\/\/www.gedichtladen.de\/blog\/wp-json\/wp\/v2\/posts"}],"about":[{"href":"https:\/\/www.gedichtladen.de\/blog\/wp-json\/wp\/v2\/types\/post"}],"author":[{"embeddable":true,"href":"https:\/\/www.gedichtladen.de\/blog\/wp-json\/wp\/v2\/users\/1"}],"replies":[{"embeddable":true,"href":"https:\/\/www.gedichtladen.de\/blog\/wp-json\/wp\/v2\/comments?post=4977"}],"version-history":[{"count":1,"href":"https:\/\/www.gedichtladen.de\/blog\/wp-json\/wp\/v2\/posts\/4977\/revisions"}],"predecessor-version":[{"id":4978,"href":"https:\/\/www.gedichtladen.de\/blog\/wp-json\/wp\/v2\/posts\/4977\/revisions\/4978"}],"wp:attachment":[{"href":"https:\/\/www.gedichtladen.de\/blog\/wp-json\/wp\/v2\/media?parent=4977"}],"wp:term":[{"taxonomy":"category","embeddable":true,"href":"https:\/\/www.gedichtladen.de\/blog\/wp-json\/wp\/v2\/categories?post=4977"},{"taxonomy":"post_tag","embeddable":true,"href":"https:\/\/www.gedichtladen.de\/blog\/wp-json\/wp\/v2\/tags?post=4977"}],"curies":[{"name":"wp","href":"https:\/\/api.w.org\/{rel}","templated":true}]}}