{"id":4897,"date":"2025-04-19T20:19:19","date_gmt":"2025-04-19T18:19:19","guid":{"rendered":"https:\/\/www.gedichtladen.de\/blog\/?p=4897"},"modified":"2025-04-19T20:19:19","modified_gmt":"2025-04-19T18:19:19","slug":"siehe-ich-mache-alles-neu","status":"publish","type":"post","link":"https:\/\/www.gedichtladen.de\/blog\/archive\/4897","title":{"rendered":"\u201eSiehe, ich mache alles neu\u201c"},"content":{"rendered":"<p><strong>\u201eSiehe, ich mache alles neu\u201c<\/strong><\/p>\n<p>Der Fr\u00fchling fl\u00fcstert durch das Land,<br \/>\nein Hauch von Hoffnung, wohlbekannt.<br \/>\nDie Erde tr\u00e4gt ein gr\u00fcnes Kleid,<br \/>\ndas Dunkel weicht \u2013 es ist so weit.<\/p>\n<p>Der Stein ist weg, das Grab ist leer,<br \/>\nein neuer Morgen bricht sich Bahn.<br \/>\n\u201eSieh her\u201c, ruft Gott, \u201eich schenk&#8216; noch mehr<br \/>\nein Leben, das kein Tod mehr nahm.\u201c<\/p>\n<p>Die Blumen brechen durch f\u00fcrwahr,<br \/>\ndie V\u00f6gel singen frisch und frei.<br \/>\nSo schenkt uns Ostern jedes Jahr<br \/>\ndie Botschaft: Alles wird wie neu!<\/p>\n<p>Und was erstarrt und stumm erschien,<br \/>\nbeginnt zu atmen, strahlet gr\u00fcn.<br \/>\nDenn auferstanden ist der Herr \u2013<br \/>\nund mit ihm alles, siehe nur.<\/p>\n<p>Frohe\u00a0Ostern!<\/p>\n","protected":false},"excerpt":{"rendered":"<p>\u201eSiehe, ich mache alles neu\u201c Der Fr\u00fchling fl\u00fcstert durch das Land, ein Hauch von Hoffnung, wohlbekannt. Die Erde tr\u00e4gt ein gr\u00fcnes Kleid, das Dunkel weicht \u2013 es ist so weit. Der Stein ist weg, das Grab ist leer, ein neuer&#8230;<br \/><a class=\"read-more-button\" href=\"https:\/\/www.gedichtladen.de\/blog\/archive\/4897\">Mehr Lesen<\/a><\/p>\n","protected":false},"author":1,"featured_media":0,"comment_status":"closed","ping_status":"closed","sticky":false,"template":"","format":"standard","meta":{"footnotes":""},"categories":[1],"tags":[],"class_list":["post-4897","post","type-post","status-publish","format-standard","hentry","category-allgemein"],"_links":{"self":[{"href":"https:\/\/www.gedichtladen.de\/blog\/wp-json\/wp\/v2\/posts\/4897","targetHints":{"allow":["GET"]}}],"collection":[{"href":"https:\/\/www.gedichtladen.de\/blog\/wp-json\/wp\/v2\/posts"}],"about":[{"href":"https:\/\/www.gedichtladen.de\/blog\/wp-json\/wp\/v2\/types\/post"}],"author":[{"embeddable":true,"href":"https:\/\/www.gedichtladen.de\/blog\/wp-json\/wp\/v2\/users\/1"}],"replies":[{"embeddable":true,"href":"https:\/\/www.gedichtladen.de\/blog\/wp-json\/wp\/v2\/comments?post=4897"}],"version-history":[{"count":1,"href":"https:\/\/www.gedichtladen.de\/blog\/wp-json\/wp\/v2\/posts\/4897\/revisions"}],"predecessor-version":[{"id":4898,"href":"https:\/\/www.gedichtladen.de\/blog\/wp-json\/wp\/v2\/posts\/4897\/revisions\/4898"}],"wp:attachment":[{"href":"https:\/\/www.gedichtladen.de\/blog\/wp-json\/wp\/v2\/media?parent=4897"}],"wp:term":[{"taxonomy":"category","embeddable":true,"href":"https:\/\/www.gedichtladen.de\/blog\/wp-json\/wp\/v2\/categories?post=4897"},{"taxonomy":"post_tag","embeddable":true,"href":"https:\/\/www.gedichtladen.de\/blog\/wp-json\/wp\/v2\/tags?post=4897"}],"curies":[{"name":"wp","href":"https:\/\/api.w.org\/{rel}","templated":true}]}}