{"id":4873,"date":"2025-03-02T20:20:54","date_gmt":"2025-03-02T18:20:54","guid":{"rendered":"https:\/\/www.gedichtladen.de\/blog\/?p=4873"},"modified":"2025-03-02T20:20:54","modified_gmt":"2025-03-02T18:20:54","slug":"hymne-der-deutschen","status":"publish","type":"post","link":"https:\/\/www.gedichtladen.de\/blog\/archive\/4873","title":{"rendered":"Hymne der Deutschen"},"content":{"rendered":"<p><strong>Hymne der Deutschen<\/strong><\/p>\n<p>Anmut sparet nicht noch M\u00fche<br \/>\nLeidenschaft nicht noch Verstand<br \/>\nDass ein gutes Deutschland bl\u00fche<br \/>\nSo wie jedes fremde Land<br \/>\nJedes fremde Land<\/p>\n<p>Dass die V\u00f6lker nicht erbleichen<br \/>\nWie vor einer R\u00e4uberin<br \/>\nSondern ihre H\u00e4nde reichen<br \/>\nUns wie andern V\u00f6lkern hin<br \/>\nWie andern V\u00f6lkern hin<\/p>\n<p>Und nicht \u00fcber und nicht unter<br \/>\nAndern V\u00f6lkern wolln wir sein<br \/>\nVon der See bis zu den Alpen<br \/>\nVon der Oder bis zum Rhein<br \/>\nUnd trinkt guten Wein<\/p>\n<p>Weil wir dieses Land vereinen<br \/>\nLieben und beschirmen wir&#8217;s<br \/>\nUnd das liebste soll&#8217;s uns scheinen<br \/>\nSo wie andern V\u00f6lkern ihrs.<br \/>\nAndern V\u00f6lkern ihrs<\/p>\n<p>Und ein Lob sei unsern Frauen<br \/>\nOb sie M\u00fctter, ob allein<br \/>\nM\u00e4nner geb es, sie zu schauen<br \/>\nMacht euch chic zum Stelldichein<br \/>\nChic zum Stelldichein<\/p>\n<p>Auch dem Arbeitsmann sei Ehre<br \/>\nHandwerksbl\u00fcte stell dich ein<br \/>\nDass der Wohlstand sich vermehre<br \/>\nWebt\u2018s in unsre Fahnen ein<br \/>\nUnsre Fahnen ein<\/p>\n<p>Was dem Reitersmann die Pferde<br \/>\nSei dem Bauersmann die Erde<br \/>\nDie er liebt und gut bestellt<br \/>\nEr verdiene gut sein Geld<br \/>\nVerdiene gutes Geld<\/p>\n<p>Der Soldat soll uns besch\u00fctzen<br \/>\nSpringen wir nicht selber ein<br \/>\nWenn nichts zu tun ist, kann er n\u00fctzen<br \/>\nFriede soll bewehret sein<br \/>\nSoll bewehret sein<\/p>\n<p>Wessen Rolle ist das Denken<br \/>\nHab auch praktischen Verstand<br \/>\nSoll auf das die Sinne lenken<br \/>\nWorin liegt des Volkes Band<br \/>\nLiegt des Volkes Band<\/p>\n<p>Politiker soll\u2018n sich streiten<br \/>\nDoch bis auf das Messer nicht<br \/>\nUnd bedenken, dass komm\u2018 Zeiten<br \/>\nWo dann tagt das j\u00fcngst Gericht<br \/>\nTagt das j\u00fcngst Gericht<\/p>\n<p>Kapitalisten soll es geben<br \/>\nNicht nur Arbeit, sondern Brot<br \/>\nDas es f\u00fcr uns reicht zum Leben<br \/>\nArbeitsleistung kommt ins Lot<br \/>\nArbeitsleistung kommt ins Lot<\/p>\n<p>Und die Kirchen soll\u2018n verwalten<br \/>\nWas uns allen heilig sei<br \/>\nNie und nimmer soll\u2018n sie spalten<br \/>\nDas ist das Columbusei<br \/>\nDas Columbusei<\/p>\n<p>Und die jede Wand beschmieren<br \/>\nAlles b\u00fcrsten auf Krawall<br \/>\nSollten wahre Kunst kreieren<br \/>\nSch\u00f6nheit sei nun \u00fcberall<br \/>\nSch\u00f6nheit \u00fcberall<\/p>\n<p>Anmut sparet nicht noch M\u00fche<br \/>\nLeidenschaft nicht noch Verstand<br \/>\nF\u00fcr das einig Vaterland<br \/>\nUnser Vaterland<\/p>\n<p>CER frei nach Bertolt Brecht, auf die Melodie von Hans Eisler zu singen<\/p>\n","protected":false},"excerpt":{"rendered":"<p>Hymne der Deutschen Anmut sparet nicht noch M\u00fche Leidenschaft nicht noch Verstand Dass ein gutes Deutschland bl\u00fche So wie jedes fremde Land Jedes fremde Land Dass die V\u00f6lker nicht erbleichen Wie vor einer R\u00e4uberin Sondern ihre H\u00e4nde reichen Uns wie&#8230;<br \/><a class=\"read-more-button\" href=\"https:\/\/www.gedichtladen.de\/blog\/archive\/4873\">Mehr Lesen<\/a><\/p>\n","protected":false},"author":1,"featured_media":0,"comment_status":"closed","ping_status":"closed","sticky":false,"template":"","format":"standard","meta":{"footnotes":""},"categories":[1],"tags":[],"class_list":["post-4873","post","type-post","status-publish","format-standard","hentry","category-allgemein"],"_links":{"self":[{"href":"https:\/\/www.gedichtladen.de\/blog\/wp-json\/wp\/v2\/posts\/4873","targetHints":{"allow":["GET"]}}],"collection":[{"href":"https:\/\/www.gedichtladen.de\/blog\/wp-json\/wp\/v2\/posts"}],"about":[{"href":"https:\/\/www.gedichtladen.de\/blog\/wp-json\/wp\/v2\/types\/post"}],"author":[{"embeddable":true,"href":"https:\/\/www.gedichtladen.de\/blog\/wp-json\/wp\/v2\/users\/1"}],"replies":[{"embeddable":true,"href":"https:\/\/www.gedichtladen.de\/blog\/wp-json\/wp\/v2\/comments?post=4873"}],"version-history":[{"count":1,"href":"https:\/\/www.gedichtladen.de\/blog\/wp-json\/wp\/v2\/posts\/4873\/revisions"}],"predecessor-version":[{"id":4874,"href":"https:\/\/www.gedichtladen.de\/blog\/wp-json\/wp\/v2\/posts\/4873\/revisions\/4874"}],"wp:attachment":[{"href":"https:\/\/www.gedichtladen.de\/blog\/wp-json\/wp\/v2\/media?parent=4873"}],"wp:term":[{"taxonomy":"category","embeddable":true,"href":"https:\/\/www.gedichtladen.de\/blog\/wp-json\/wp\/v2\/categories?post=4873"},{"taxonomy":"post_tag","embeddable":true,"href":"https:\/\/www.gedichtladen.de\/blog\/wp-json\/wp\/v2\/tags?post=4873"}],"curies":[{"name":"wp","href":"https:\/\/api.w.org\/{rel}","templated":true}]}}