{"id":4855,"date":"2025-02-18T20:22:28","date_gmt":"2025-02-18T18:22:28","guid":{"rendered":"https:\/\/www.gedichtladen.de\/blog\/?p=4855"},"modified":"2025-02-18T20:22:28","modified_gmt":"2025-02-18T18:22:28","slug":"freiheit-ist-immer-die-freiheit-der-andersdenkenden","status":"publish","type":"post","link":"https:\/\/www.gedichtladen.de\/blog\/archive\/4855","title":{"rendered":"Freiheit ist immer die Freiheit der Andersdenkenden"},"content":{"rendered":"<p><strong>Freiheit ist immer die Freiheit der Andersdenkenden<\/strong><\/p>\n<p>Das ist ein Appell an die allseitige Bildung und soll gleichzeitig die Einstimmung auf die Wahl am Sonntag sein. Im Grunde handelt es sich um eine Illusion, das Schicksal Deutschlands mit dem heimlichen, jedenfalls geheimen Abgeben zweier Kreuzchen entscheiden zu wollen. Aber wenn Ihnen die \u00dcberschrift etwas sagt und Sie wissen sollten, von wem dieser Ausspruch stammt und wer ihn heute unterschreiben w\u00fcrde, so werden Sie ermessen, dass es zwischen rechts und links nicht mehr zu unterscheiden ist, sondern vielleicht eher zwischen realistisch und schw\u00e4rmerisch. Und beide Seiten haben ihre Rolle im Leben einer Nation. Unsere, wenn man \u00fcberhaupt noch davon sprechen kann ohne gleich mit einer Keule erschlagen zu werden, hat die Utopie aus dem Wortschatz verbannt. Utopisch ist heute gleichbedeutend mit praktisch nicht funktionierend oder nicht praktikabel, was wohl dasselbe ist. <\/p>\n<p>Wenn man dem begnadeten Roger K\u00f6ppel in der Weltwoche Daily folgt, dann ist heute als Fortschritt zu definieren, wenn man zu den besseren alten Zeiten zur\u00fcckkehrt. Dieses Bild ist auch schon so alt wie die Menschheit, dass es fr\u00fcher irgendwie besser war. Selbst dem Kaiser, der Deutschland in den ersten Weltkrieg trieb, hat man sp\u00e4ter, als man Weimarer Verh\u00e4ltnisse mit den sich als lavede erweisenden Demokratieumst\u00e4ndlichkeiten hatte, nachgetrauert.<\/p>\n<p>Heute haben wir es mit medienwirksamen m\u00e4chtigen M\u00e4nnern wieder zu tun. Manche halten sie f\u00fcr Diktatoren, andere verfallen ihren hollywoodreifen Auftritten. Nur in unserem immer \u00e4rmer werdenden Deutschland haben wir eine solche Pers\u00f6nlichkeit, wenn  man etwa an einen K\u00f6nig von Deutschland denkt, nicht. Wir sind aber nahe daran, ein unregierbares Land zu sein und tuen uns sehr schwer, zu den schillernden Gestalten in den USA oder der russischen F\u00f6deration ein Verh\u00e4ltnis zu finden <\/p>\n<p>Die Ereignisse der letzten Tage und Wochen zeigen, dass selbst die Ausrutscher und das teilweise Lavieren die Umfragewerte nicht wesentlich ersch\u00fcttern k\u00f6nnen und man k\u00f6nnte sich viel Aufwand sparen, wenn man diese gleich als Wahlergebnisse hernehmen w\u00fcrde. Da l\u00e4sst sich also schon absehen, dass sich nichts wesentliches \u00e4ndern wird. Eine Wahl hat mit wenigen, unr\u00fchmlichen Ausnahmen noch nie in der deutschen Geschichte noch nie einen Ruck durch die Nation gehen lassen, das war dann doch immer eher das Chaos, was die Vorg\u00e4nger angerichtet hatten und wir uns nicht w\u00fcnschen m\u00f6gen.<\/p>\n<p>Was mir pers\u00f6nlich am meisten missf\u00e4llt, ist das Klima der Missgunst, ja das sch\u00fcren von Angst. Daran haben die Medien wesentlichen Anteil und spalten die Gesellschaft mit tendenzi\u00f6ser Berichterstattung und allzeit Katastrophenmeldungen. Da werden 20 Interviews gemacht und dann die drei herausgesucht, die ihnen am besten in den Kram passen und das als Volksmeinung ausgegeben, was an Unseriosit\u00e4t gar nicht mehr zu \u00fcberbieten ist.<\/p>\n<p>Was uns der amerikanische Vizepr\u00e4sident am Freitag sagte, k\u00f6nnte man so umschreiben, dass der Feind im eigenen Land steht, in Europa und dass wir uns selbst feind geworden sind. Auch daran werden die Wahlen wohl nichts \u00e4ndern, aber man darf gespannt sein, ob wir weiter im Gleichschritt Richtung Chaos marschieren.<\/p>\n<p>Denk ich an Deutschland in der Nacht \u2026<\/p>\n<p>CER 18.2.2025.<\/p>\n","protected":false},"excerpt":{"rendered":"<p>Freiheit ist immer die Freiheit der Andersdenkenden Das ist ein Appell an die allseitige Bildung und soll gleichzeitig die Einstimmung auf die Wahl am Sonntag sein. Im Grunde handelt es sich um eine Illusion, das Schicksal Deutschlands mit dem heimlichen,&#8230;<br \/><a class=\"read-more-button\" href=\"https:\/\/www.gedichtladen.de\/blog\/archive\/4855\">Mehr Lesen<\/a><\/p>\n","protected":false},"author":1,"featured_media":0,"comment_status":"closed","ping_status":"closed","sticky":false,"template":"","format":"standard","meta":{"footnotes":""},"categories":[12],"tags":[],"class_list":["post-4855","post","type-post","status-publish","format-standard","hentry","category-kolumne"],"_links":{"self":[{"href":"https:\/\/www.gedichtladen.de\/blog\/wp-json\/wp\/v2\/posts\/4855","targetHints":{"allow":["GET"]}}],"collection":[{"href":"https:\/\/www.gedichtladen.de\/blog\/wp-json\/wp\/v2\/posts"}],"about":[{"href":"https:\/\/www.gedichtladen.de\/blog\/wp-json\/wp\/v2\/types\/post"}],"author":[{"embeddable":true,"href":"https:\/\/www.gedichtladen.de\/blog\/wp-json\/wp\/v2\/users\/1"}],"replies":[{"embeddable":true,"href":"https:\/\/www.gedichtladen.de\/blog\/wp-json\/wp\/v2\/comments?post=4855"}],"version-history":[{"count":1,"href":"https:\/\/www.gedichtladen.de\/blog\/wp-json\/wp\/v2\/posts\/4855\/revisions"}],"predecessor-version":[{"id":4856,"href":"https:\/\/www.gedichtladen.de\/blog\/wp-json\/wp\/v2\/posts\/4855\/revisions\/4856"}],"wp:attachment":[{"href":"https:\/\/www.gedichtladen.de\/blog\/wp-json\/wp\/v2\/media?parent=4855"}],"wp:term":[{"taxonomy":"category","embeddable":true,"href":"https:\/\/www.gedichtladen.de\/blog\/wp-json\/wp\/v2\/categories?post=4855"},{"taxonomy":"post_tag","embeddable":true,"href":"https:\/\/www.gedichtladen.de\/blog\/wp-json\/wp\/v2\/tags?post=4855"}],"curies":[{"name":"wp","href":"https:\/\/api.w.org\/{rel}","templated":true}]}}