{"id":4851,"date":"2025-02-02T01:44:40","date_gmt":"2025-02-01T23:44:40","guid":{"rendered":"https:\/\/www.gedichtladen.de\/blog\/?p=4851"},"modified":"2025-02-02T01:44:40","modified_gmt":"2025-02-01T23:44:40","slug":"betrifft-erster-schnee","status":"publish","type":"post","link":"https:\/\/www.gedichtladen.de\/blog\/archive\/4851","title":{"rendered":"Betrifft: Erster Schnee"},"content":{"rendered":"<p><strong>Betrifft: Erster Schnee<\/strong><\/p>\n<p>Eines Morgens leuchtet es ins Zimmer<br \/>\nUnd du merkst: `s ist wieder mal so weit<br \/>\nSchnee und Barometer sind gefallen<br \/>\n-Und es kommt die liebe Halswehzeit<\/p>\n<p>Kalte Blumen bl\u00fchn auf Fensterscheiben<br \/>\nFr\u00f6stelnd seufzt der Morgenblatt-Poet:<br \/>\n&#8222;Winter l\u00e4sst sich besser nicht beschreiben<br \/>\nAls es schon im Lesebuche steht \u2026&#8220;<\/p>\n<p>Bl\u00fcten kann man noch mit Schnee vergleichen<br \/>\nDoch den Schnee \u2026 man wird so leicht banal<br \/>\nDenn im Sommer ist man manchmal gl\u00fccklich<br \/>\nDoch im Winter nur sentimental<\/p>\n<p>Und man muss an Grimmsche M\u00e4rchen denken<br \/>\nUnd an einen winterwei\u00dfen Wald<br \/>\nUnd an eine Bergtour um Silvester<br \/>\n-Und dabei an sein Tarifgehalt<\/p>\n<p>Und man m\u00f6chte wieder 14 Jahre sein:<br \/>\nWeihnachtsferien \u2026 Mit dem Schlitten raus<br \/>\nUnd man m\u00fcsste keinen Schnupfen haben<br \/>\nSondern irgendwo ein kleines Haus<\/p>\n<p>Und davor ein paar verschneite Tannen<br \/>\nZiemlich viele Stunden vor der Stadt<br \/>\nWo es kein B\u00fcro, kein Telefon gibt<br \/>\nWo man beinah keine Pflichten hat<\/p>\n<p>\u2026 Ein paar Tage lang soll nichts passieren<br \/>\nEin paar Stunden, da man nichts erf\u00e4hrt<br \/>\nDenn was hat wohl einer zu verlieren<br \/>\nDem ja doch so gut wie nichts geh\u00f6rt<\/p>\n<p>Mascha\u00a0Kal\u00e9ko<\/p>\n","protected":false},"excerpt":{"rendered":"<p>Betrifft: Erster Schnee Eines Morgens leuchtet es ins Zimmer Und du merkst: `s ist wieder mal so weit Schnee und Barometer sind gefallen -Und es kommt die liebe Halswehzeit Kalte Blumen bl\u00fchn auf Fensterscheiben Fr\u00f6stelnd seufzt der Morgenblatt-Poet: &#8222;Winter l\u00e4sst&#8230;<br \/><a class=\"read-more-button\" href=\"https:\/\/www.gedichtladen.de\/blog\/archive\/4851\">Mehr Lesen<\/a><\/p>\n","protected":false},"author":1,"featured_media":0,"comment_status":"closed","ping_status":"closed","sticky":false,"template":"","format":"standard","meta":{"footnotes":""},"categories":[1],"tags":[],"class_list":["post-4851","post","type-post","status-publish","format-standard","hentry","category-allgemein"],"_links":{"self":[{"href":"https:\/\/www.gedichtladen.de\/blog\/wp-json\/wp\/v2\/posts\/4851","targetHints":{"allow":["GET"]}}],"collection":[{"href":"https:\/\/www.gedichtladen.de\/blog\/wp-json\/wp\/v2\/posts"}],"about":[{"href":"https:\/\/www.gedichtladen.de\/blog\/wp-json\/wp\/v2\/types\/post"}],"author":[{"embeddable":true,"href":"https:\/\/www.gedichtladen.de\/blog\/wp-json\/wp\/v2\/users\/1"}],"replies":[{"embeddable":true,"href":"https:\/\/www.gedichtladen.de\/blog\/wp-json\/wp\/v2\/comments?post=4851"}],"version-history":[{"count":1,"href":"https:\/\/www.gedichtladen.de\/blog\/wp-json\/wp\/v2\/posts\/4851\/revisions"}],"predecessor-version":[{"id":4852,"href":"https:\/\/www.gedichtladen.de\/blog\/wp-json\/wp\/v2\/posts\/4851\/revisions\/4852"}],"wp:attachment":[{"href":"https:\/\/www.gedichtladen.de\/blog\/wp-json\/wp\/v2\/media?parent=4851"}],"wp:term":[{"taxonomy":"category","embeddable":true,"href":"https:\/\/www.gedichtladen.de\/blog\/wp-json\/wp\/v2\/categories?post=4851"},{"taxonomy":"post_tag","embeddable":true,"href":"https:\/\/www.gedichtladen.de\/blog\/wp-json\/wp\/v2\/tags?post=4851"}],"curies":[{"name":"wp","href":"https:\/\/api.w.org\/{rel}","templated":true}]}}