{"id":4848,"date":"2025-01-21T22:30:19","date_gmt":"2025-01-21T20:30:19","guid":{"rendered":"https:\/\/www.gedichtladen.de\/blog\/?p=4848"},"modified":"2025-01-21T22:30:19","modified_gmt":"2025-01-21T20:30:19","slug":"endspurt-bei-jugend-forscht","status":"publish","type":"post","link":"https:\/\/www.gedichtladen.de\/blog\/archive\/4848","title":{"rendered":"Endspurt bei Jugend forscht"},"content":{"rendered":"<p><strong>Endspurt bei Jugend forscht<\/strong><\/p>\n<p>Die Sch\u00fcler haben sich erneut ehrgeizige Ziele gesetzt. Der im vergangenen Jahr gesponserte Wei\u00dflichtlaser soll nun nicht nur f\u00fcr Absorptionsmessungen, sondern auch f\u00fcr Fluoreszenzmessungen verwendet werden. Neben Kresse werden auch andere Materialien getestet. Dieses Projekt war bereits im Vorjahr sehr erfolgreich, aber die beiden engagierten Sch\u00fcler m\u00f6chten noch weitere Ergebnisse erzielen.<\/p>\n<p>Das zweite Projekt, das ich betreue, ist ein digitaler Stundenplan als Handy-App. Diese Anwendung ist so ausgereift, dass der betreffende Sch\u00fcler die Freigabe im Google App Store beantragen konnte. Die App erm\u00f6glicht die Verwaltung des individuellen und aktuellen Stundenplans sowie das Eintragen von Hausaufgaben. Weitere Funktionen f\u00fchrten den Sch\u00fcler zu der Aussage, dass diese App das einzige Werkzeug ist, das man f\u00fcr die Organisation an der Schule ben\u00f6tigt.<\/p>\n<p>Das dritte Projekt aus dem Sch\u00fclerforschungszentrum an der Musikbetonten Gesamtschule Paul Dessau Zeuthen hei\u00dft &#8222;Intelligente Kreuzung&#8220; und startet im Wettbewerb in den Kategorien Geo- und Raumwissenschaften. Der Sch\u00fcler der achten Klasse hat eine Kreuzung als Modell aufgebaut, die nicht nur \u00fcber vier Ampeln verf\u00fcgt, sondern auf den vier einm\u00fcndenden Fahrbahnen LED-Streifen hat, die rot oder gr\u00fcn sein k\u00f6nnen. Ein Smart Robot Car wird mit einem Farbsensor ausgestattet, der die Farbe der Fahrbahn \u00fcberwacht. Ist der LED-Streifen rot, so stoppt das Auto automatisch. Die Weiterfahrt wird erst freigegeben, wenn der LED-Streifen auf Gr\u00fcn umschaltet.<\/p>\n<p>Am kommenden Montag wird entschieden, welche Projekte durch die Einreichung der zugeh\u00f6rigen schriftlichen Arbeit wirklich zum Wettbewerb zugelassen werden. Bis dahin ist noch einiges an Formalien zu bew\u00e4ltigen.<\/p>\n<p>Ich w\u00fcnsche allen Jugendforschern viel Erfolg.<\/p>\n<p>CER, Zeuthen, den 21.1.25<\/p>\n","protected":false},"excerpt":{"rendered":"<p>Endspurt bei Jugend forscht Die Sch\u00fcler haben sich erneut ehrgeizige Ziele gesetzt. Der im vergangenen Jahr gesponserte Wei\u00dflichtlaser soll nun nicht nur f\u00fcr Absorptionsmessungen, sondern auch f\u00fcr Fluoreszenzmessungen verwendet werden. Neben Kresse werden auch andere Materialien getestet. Dieses Projekt war&#8230;<br \/><a class=\"read-more-button\" href=\"https:\/\/www.gedichtladen.de\/blog\/archive\/4848\">Mehr Lesen<\/a><\/p>\n","protected":false},"author":1,"featured_media":0,"comment_status":"closed","ping_status":"closed","sticky":false,"template":"","format":"standard","meta":{"footnotes":""},"categories":[12],"tags":[],"class_list":["post-4848","post","type-post","status-publish","format-standard","hentry","category-kolumne"],"_links":{"self":[{"href":"https:\/\/www.gedichtladen.de\/blog\/wp-json\/wp\/v2\/posts\/4848","targetHints":{"allow":["GET"]}}],"collection":[{"href":"https:\/\/www.gedichtladen.de\/blog\/wp-json\/wp\/v2\/posts"}],"about":[{"href":"https:\/\/www.gedichtladen.de\/blog\/wp-json\/wp\/v2\/types\/post"}],"author":[{"embeddable":true,"href":"https:\/\/www.gedichtladen.de\/blog\/wp-json\/wp\/v2\/users\/1"}],"replies":[{"embeddable":true,"href":"https:\/\/www.gedichtladen.de\/blog\/wp-json\/wp\/v2\/comments?post=4848"}],"version-history":[{"count":1,"href":"https:\/\/www.gedichtladen.de\/blog\/wp-json\/wp\/v2\/posts\/4848\/revisions"}],"predecessor-version":[{"id":4849,"href":"https:\/\/www.gedichtladen.de\/blog\/wp-json\/wp\/v2\/posts\/4848\/revisions\/4849"}],"wp:attachment":[{"href":"https:\/\/www.gedichtladen.de\/blog\/wp-json\/wp\/v2\/media?parent=4848"}],"wp:term":[{"taxonomy":"category","embeddable":true,"href":"https:\/\/www.gedichtladen.de\/blog\/wp-json\/wp\/v2\/categories?post=4848"},{"taxonomy":"post_tag","embeddable":true,"href":"https:\/\/www.gedichtladen.de\/blog\/wp-json\/wp\/v2\/tags?post=4848"}],"curies":[{"name":"wp","href":"https:\/\/api.w.org\/{rel}","templated":true}]}}