{"id":4833,"date":"2024-12-08T21:46:41","date_gmt":"2024-12-08T19:46:41","guid":{"rendered":"https:\/\/www.gedichtladen.de\/blog\/?p=4833"},"modified":"2024-12-08T21:46:41","modified_gmt":"2024-12-08T19:46:41","slug":"der-blender","status":"publish","type":"post","link":"https:\/\/www.gedichtladen.de\/blog\/archive\/4833","title":{"rendered":"Der Blender"},"content":{"rendered":"<p><strong>Der Blender<\/strong><\/p>\n<p>Ja warte nur Chrischan, Dir werd&#8216; ich&#8217;s zeigen<br \/>\nRei\u00dft von droben herab die Himmlischen Geigen<br \/>\nDas alles auch noch vom Sofa oh Graus<br \/>\nBl\u00e4st Du den Leuten die Adventslichter aus<\/p>\n<p>Doch Zuviel dieser falschen Komplimente<br \/>\nDu beschr\u00e4nkst Dich aufs Warten aufs Ende<br \/>\nTust nichts Gutes, nichts Schlechtes, h\u00e4ngst nur so rum<br \/>\nVerkaufst mit dem H\u00fcndchen die Leute f\u00fcr dumm<\/p>\n<p>Propheten willst Du bei\u00dfen?<br \/>\nDenkst doch von Dir, Du packst an hei\u00dfe Eisen<br \/>\nUnd bringst noch in Stellung von allem den LORD<\/p>\n<p>In der Meinungsfreiheit lebt sich&#8217;s kommod<br \/>\nDa kann man auch faseln von bitterer Not<br \/>\nJa auch von Vokabeln wie V\u00f6lkermord<\/p>\n<p>CER 8.12.24 in Auseinandersetzung mit TS, ihn adaptierend<\/p>\n","protected":false},"excerpt":{"rendered":"<p>Der Blender Ja warte nur Chrischan, Dir werd&#8216; ich&#8217;s zeigen Rei\u00dft von droben herab die Himmlischen Geigen Das alles auch noch vom Sofa oh Graus Bl\u00e4st Du den Leuten die Adventslichter aus Doch Zuviel dieser falschen Komplimente Du beschr\u00e4nkst Dich&#8230;<br \/><a class=\"read-more-button\" href=\"https:\/\/www.gedichtladen.de\/blog\/archive\/4833\">Mehr Lesen<\/a><\/p>\n","protected":false},"author":1,"featured_media":0,"comment_status":"closed","ping_status":"closed","sticky":false,"template":"","format":"standard","meta":{"footnotes":""},"categories":[1],"tags":[],"class_list":["post-4833","post","type-post","status-publish","format-standard","hentry","category-allgemein"],"_links":{"self":[{"href":"https:\/\/www.gedichtladen.de\/blog\/wp-json\/wp\/v2\/posts\/4833","targetHints":{"allow":["GET"]}}],"collection":[{"href":"https:\/\/www.gedichtladen.de\/blog\/wp-json\/wp\/v2\/posts"}],"about":[{"href":"https:\/\/www.gedichtladen.de\/blog\/wp-json\/wp\/v2\/types\/post"}],"author":[{"embeddable":true,"href":"https:\/\/www.gedichtladen.de\/blog\/wp-json\/wp\/v2\/users\/1"}],"replies":[{"embeddable":true,"href":"https:\/\/www.gedichtladen.de\/blog\/wp-json\/wp\/v2\/comments?post=4833"}],"version-history":[{"count":1,"href":"https:\/\/www.gedichtladen.de\/blog\/wp-json\/wp\/v2\/posts\/4833\/revisions"}],"predecessor-version":[{"id":4834,"href":"https:\/\/www.gedichtladen.de\/blog\/wp-json\/wp\/v2\/posts\/4833\/revisions\/4834"}],"wp:attachment":[{"href":"https:\/\/www.gedichtladen.de\/blog\/wp-json\/wp\/v2\/media?parent=4833"}],"wp:term":[{"taxonomy":"category","embeddable":true,"href":"https:\/\/www.gedichtladen.de\/blog\/wp-json\/wp\/v2\/categories?post=4833"},{"taxonomy":"post_tag","embeddable":true,"href":"https:\/\/www.gedichtladen.de\/blog\/wp-json\/wp\/v2\/tags?post=4833"}],"curies":[{"name":"wp","href":"https:\/\/api.w.org\/{rel}","templated":true}]}}