{"id":4829,"date":"2024-12-03T18:41:48","date_gmt":"2024-12-03T16:41:48","guid":{"rendered":"https:\/\/www.gedichtladen.de\/blog\/?p=4829"},"modified":"2024-12-03T18:41:48","modified_gmt":"2024-12-03T16:41:48","slug":"lieber-du","status":"publish","type":"post","link":"https:\/\/www.gedichtladen.de\/blog\/archive\/4829","title":{"rendered":"Lieber DU"},"content":{"rendered":"<p><strong>Lieber DU,<\/strong><\/p>\n<p>ich bemerke immer wieder die erfreulichen Zeichen der Jugend an euch und dass ihr schon weit \u00fcber mich hinauswachst, aber ich habe auch einige Lebenserfahrung und will diese Zeichen gewahrt wissen. Noch wichtiger als alles andere, einschlie\u00dflich Jugend forscht, finde ich die Frage um Krieg und Frieden. Als 2021 die russischen Truppen an der Ukrainischen Grenze aufmarschierten und die Ukrainer andererseits sich anschickten, die Krim zur\u00fcckerobern zu wollen, glaubte trotzdem noch keiner, dass es zu einem handfesten Krieg kommen w\u00fcrde. Was die rote Linie betraf, so wurde sie wieder mal nicht richtig eingesch\u00e4tzt und war schon \u00fcberschritten. Jetzt tut sich eine weitere rote Linie auf, die uns selbst betrifft, und wieder hat keiner ein Gef\u00fchl daf\u00fcr, wann dann diese \u00fcberschritten wird, aber jedes Gedicht, was ich versuche zu schreiben, misslingt dahingehend, dass es in die Apokalypse f\u00fchrt. Seid ihr nun v\u00f6llig frei von solchen Gedanken, die keinesfalls Angstmache sein sollen, denn Angst kann man schlecht gebrauchen, wenn es vielleicht an den Zusammenbruch unserer gesamten gewohnten Umgebung geht, von dem Corona nur ein blasses Vorspiel war? Das treibt mich jetzt um und ihr fragt nicht danach, aber ich sp\u00fcre auch bei euch Anzeichen von Nervosit\u00e4t. Ich kann mich irren, aber das ist jetzt das wichtigste, \u00fcber das aber wenig gesprochen wird und wir blindlings hineinschlittern. Ihr seid jetzt mein Strohhalm und an eurer Gelassenheit, oder ist es Blau\u00e4ugigkeit?, richte ich mich auf. Was meinst Du?<\/p>\n<p>Herzlich, Christian<\/p>\n","protected":false},"excerpt":{"rendered":"<p>Lieber DU, ich bemerke immer wieder die erfreulichen Zeichen der Jugend an euch und dass ihr schon weit \u00fcber mich hinauswachst, aber ich habe auch einige Lebenserfahrung und will diese Zeichen gewahrt wissen. Noch wichtiger als alles andere, einschlie\u00dflich Jugend&#8230;<br \/><a class=\"read-more-button\" href=\"https:\/\/www.gedichtladen.de\/blog\/archive\/4829\">Mehr Lesen<\/a><\/p>\n","protected":false},"author":1,"featured_media":0,"comment_status":"closed","ping_status":"closed","sticky":false,"template":"","format":"standard","meta":{"footnotes":""},"categories":[1],"tags":[],"class_list":["post-4829","post","type-post","status-publish","format-standard","hentry","category-allgemein"],"_links":{"self":[{"href":"https:\/\/www.gedichtladen.de\/blog\/wp-json\/wp\/v2\/posts\/4829","targetHints":{"allow":["GET"]}}],"collection":[{"href":"https:\/\/www.gedichtladen.de\/blog\/wp-json\/wp\/v2\/posts"}],"about":[{"href":"https:\/\/www.gedichtladen.de\/blog\/wp-json\/wp\/v2\/types\/post"}],"author":[{"embeddable":true,"href":"https:\/\/www.gedichtladen.de\/blog\/wp-json\/wp\/v2\/users\/1"}],"replies":[{"embeddable":true,"href":"https:\/\/www.gedichtladen.de\/blog\/wp-json\/wp\/v2\/comments?post=4829"}],"version-history":[{"count":1,"href":"https:\/\/www.gedichtladen.de\/blog\/wp-json\/wp\/v2\/posts\/4829\/revisions"}],"predecessor-version":[{"id":4830,"href":"https:\/\/www.gedichtladen.de\/blog\/wp-json\/wp\/v2\/posts\/4829\/revisions\/4830"}],"wp:attachment":[{"href":"https:\/\/www.gedichtladen.de\/blog\/wp-json\/wp\/v2\/media?parent=4829"}],"wp:term":[{"taxonomy":"category","embeddable":true,"href":"https:\/\/www.gedichtladen.de\/blog\/wp-json\/wp\/v2\/categories?post=4829"},{"taxonomy":"post_tag","embeddable":true,"href":"https:\/\/www.gedichtladen.de\/blog\/wp-json\/wp\/v2\/tags?post=4829"}],"curies":[{"name":"wp","href":"https:\/\/api.w.org\/{rel}","templated":true}]}}