{"id":4749,"date":"2024-08-07T19:37:28","date_gmt":"2024-08-07T17:37:28","guid":{"rendered":"https:\/\/www.gedichtladen.de\/blog\/?p=4749"},"modified":"2024-08-07T19:37:28","modified_gmt":"2024-08-07T17:37:28","slug":"buechner-laureat-2024","status":"publish","type":"post","link":"https:\/\/www.gedichtladen.de\/blog\/archive\/4749","title":{"rendered":"B\u00fcchner Laureat 2024"},"content":{"rendered":"<p><strong>B\u00fcchner Laureat 2024<\/strong><\/p>\n<p>Nach Lutz Seiler, der mir durch seinen Roman Kruso bekannt wurde, hat nun Oswald Egger den B\u00fcchnerpreis bekommen. Eggers Werk umfasst viel mehr als B\u00fcchners, der ja nur 23 Jahre alt wurde.<\/p>\n<p>In einer Zeit, wo Poeten h\u00f6chstens noch auffallen w\u00fcrden, wenn sie schwiegen, wie es einige der Undichter schon praktizieren. Kann man doch getrost auf den Moment warten, wo das dem einen oder anderen auffallen w\u00fcrde und die Frage stellte, warum dem so ist.<\/p>\n<p>Wir haben keine Erlaubnis Egger zu zitieren, aber in Anbetracht seiner Erfolge (Georg Trakl Preis, Ernst Jandl Preis) empfiehlt er sich zur Nachahmung, womit er so etwas begr\u00fcnden k\u00f6nnte, wie eine Stilrichtung.<\/p>\n<p>Hier gleich mal so ein Versuch:<\/p>\n<p>Den grobkotzigen MaulEntwurf<br \/>\nEines Schenkenmahls f\u00fcr mich<br \/>\nLie\u00df ich angeg\u00e4hnt und unerw\u00e4hnt<br \/>\nWahnsinnsbotten in Betonmilch<br \/>\nBlutschwarze Stiefel im Weizen<br \/>\nHafermilch dr\u00fcber und tsch\u00fc\u00df<\/p>\n<p>An Selbstbewusstsein fehlt es Egger nicht, wenn er schreibt, sich \u00fcber die Natur der Dinge der Natur erheben zu wollen, wo wir doch von Dante Alighieri j\u00fcngst gelernt haben: Der Mensch sei ein Diener der Natur.<\/p>\n<p>Es wird den Preistr\u00e4ger auch nicht ersch\u00fcttern, wenn wir etwas bei der Reimerei bleiben:<\/p>\n<p>Lass Oswald hier nur dr\u00fcbereggern<br \/>\nsein Chemisett mit Ruhm bekleckern<br \/>\nLass weiter ihn von allem lallen<br \/>\nDich stellen vor Verwirrtseinsfallen<br \/>\nNe Rate fing er sich schon ein<br \/>\nEin Prosit auf den B\u00fcchnerwein<br \/>\nEin Gedichtelein<br \/>\nWidme ihm auch Du<\/p>\n<p>CER 7.8.2024<\/p>\n","protected":false},"excerpt":{"rendered":"<p>B\u00fcchner Laureat 2024 Nach Lutz Seiler, der mir durch seinen Roman Kruso bekannt wurde, hat nun Oswald Egger den B\u00fcchnerpreis bekommen. Eggers Werk umfasst viel mehr als B\u00fcchners, der ja nur 23 Jahre alt wurde. In einer Zeit, wo Poeten&#8230;<br \/><a class=\"read-more-button\" href=\"https:\/\/www.gedichtladen.de\/blog\/archive\/4749\">Mehr Lesen<\/a><\/p>\n","protected":false},"author":1,"featured_media":0,"comment_status":"closed","ping_status":"closed","sticky":false,"template":"","format":"standard","meta":{"footnotes":""},"categories":[12],"tags":[],"class_list":["post-4749","post","type-post","status-publish","format-standard","hentry","category-kolumne"],"_links":{"self":[{"href":"https:\/\/www.gedichtladen.de\/blog\/wp-json\/wp\/v2\/posts\/4749","targetHints":{"allow":["GET"]}}],"collection":[{"href":"https:\/\/www.gedichtladen.de\/blog\/wp-json\/wp\/v2\/posts"}],"about":[{"href":"https:\/\/www.gedichtladen.de\/blog\/wp-json\/wp\/v2\/types\/post"}],"author":[{"embeddable":true,"href":"https:\/\/www.gedichtladen.de\/blog\/wp-json\/wp\/v2\/users\/1"}],"replies":[{"embeddable":true,"href":"https:\/\/www.gedichtladen.de\/blog\/wp-json\/wp\/v2\/comments?post=4749"}],"version-history":[{"count":1,"href":"https:\/\/www.gedichtladen.de\/blog\/wp-json\/wp\/v2\/posts\/4749\/revisions"}],"predecessor-version":[{"id":4750,"href":"https:\/\/www.gedichtladen.de\/blog\/wp-json\/wp\/v2\/posts\/4749\/revisions\/4750"}],"wp:attachment":[{"href":"https:\/\/www.gedichtladen.de\/blog\/wp-json\/wp\/v2\/media?parent=4749"}],"wp:term":[{"taxonomy":"category","embeddable":true,"href":"https:\/\/www.gedichtladen.de\/blog\/wp-json\/wp\/v2\/categories?post=4749"},{"taxonomy":"post_tag","embeddable":true,"href":"https:\/\/www.gedichtladen.de\/blog\/wp-json\/wp\/v2\/tags?post=4749"}],"curies":[{"name":"wp","href":"https:\/\/api.w.org\/{rel}","templated":true}]}}