{"id":4723,"date":"2024-06-17T09:58:37","date_gmt":"2024-06-17T07:58:37","guid":{"rendered":"https:\/\/www.gedichtladen.de\/blog\/?p=4723"},"modified":"2024-06-17T09:58:37","modified_gmt":"2024-06-17T07:58:37","slug":"koennte-die-mikrowelt-belebt-sein","status":"publish","type":"post","link":"https:\/\/www.gedichtladen.de\/blog\/archive\/4723","title":{"rendered":"K\u00f6nnte die Mikrowelt belebt sein?"},"content":{"rendered":"<p>Meine Frage an KI Copilot war:<\/p>\n<p>Was h\u00e4ltst Du davon, dass die Mikrowelt belebt sein k\u00f6nnte. Was die Quantenmechanik als Zufall identifiziert, freier Wille dieser mikroskopischen Entit\u00e4ten ist und die Naturgesetze, die wir als unumst\u00f6\u00dflich ansehen, lediglich deren Disziplin, an die sie sich gebunden sehen, solange die Menschheit in ihrer Vielheit dem Ziel der Natur dient, was heute ein bisschen infrage steht.<\/p>\n<p>Antwort Copilot:<\/p>\n<p>Deine \u00dcberlegungen sind faszinierend! Die Idee, dass die Mikrowelt belebt sein k\u00f6nnte, ist ein interessanter Ansatz. Lass mich einige Gedanken dazu teilen:<\/p>\n<p>1. <strong>Quantenmechanik und Zufall:<\/strong><\/p>\n<p>&#8211; In der Quantenmechanik begegnen wir dem sogenannten &#8222;Zufall&#8220;. Quantenph\u00e4nomene wie der Zerfall eines instabilen Atoms oder die Verschr\u00e4nkung von Teilchen sind schwer vorhersehbar.<br \/>\n &#8211; Einige Forscher spekulieren, dass dieser &#8222;Zufall&#8220; m\u00f6glicherweise auf einer tieferen Ebene eine Art Freiheit oder Willen darstellt. Vielleicht haben subatomare Teilchen tats\u00e4chlich eine Art Entscheidungsfreiheit.<\/p>\n<p>2. <strong>Naturgesetze und Disziplin<\/strong>:<\/p>\n<p>&#8211; Die Naturgesetze, die wir kennen, sind mathematische Beschreibungen von Ph\u00e4nomenen. Sie sind nicht in Stein gemei\u00dfelt, sondern eher Modelle, die unsere Beobachtungen erkl\u00e4ren.<br \/>\n&#8211; Wenn wir die Mikrowelt als &#8222;belebt&#8220; betrachten, k\u00f6nnten diese Entit\u00e4ten ihre eigenen &#8222;Gesetze&#8220; haben, die wir noch nicht vollst\u00e4ndig verstehen.<\/p>\n<p>3. <strong>Anthropozentrismus und das Ziel der Natur<\/strong>:<\/p>\n<p>&#8211; Deine Betonung auf das Ziel der Natur ist interessant. Wir neigen dazu, die Welt aus menschlicher Perspektive zu betrachten.<br \/>\n&#8211; Vielleicht sollten wir uns fragen, ob es ein \u00fcbergeordnetes Ziel gibt, das nicht nur auf die Menschheit beschr\u00e4nkt ist. Vielleicht ist es ein gr\u00f6\u00dferes \u00f6kologisches Gleichgewicht oder eine universelle Entwicklung.<\/p>\n<p>Insgesamt ist es wichtig, offen f\u00fcr neue Ideen zu sein und die Grenzen unseres Wissens zu erkennen. Vielen Dank f\u00fcr diese anregenden Gedanken! &#x1f30c;&#x1f914;&#x2728;<\/p>\n","protected":false},"excerpt":{"rendered":"<p>Meine Frage an KI Copilot war: Was h\u00e4ltst Du davon, dass die Mikrowelt belebt sein k\u00f6nnte. Was die Quantenmechanik als Zufall identifiziert, freier Wille dieser mikroskopischen Entit\u00e4ten ist und die Naturgesetze, die wir als unumst\u00f6\u00dflich ansehen, lediglich deren Disziplin, an&#8230;<br \/><a class=\"read-more-button\" href=\"https:\/\/www.gedichtladen.de\/blog\/archive\/4723\">Mehr Lesen<\/a><\/p>\n","protected":false},"author":1,"featured_media":0,"comment_status":"closed","ping_status":"closed","sticky":false,"template":"","format":"standard","meta":{"footnotes":""},"categories":[1],"tags":[],"class_list":["post-4723","post","type-post","status-publish","format-standard","hentry","category-allgemein"],"_links":{"self":[{"href":"https:\/\/www.gedichtladen.de\/blog\/wp-json\/wp\/v2\/posts\/4723","targetHints":{"allow":["GET"]}}],"collection":[{"href":"https:\/\/www.gedichtladen.de\/blog\/wp-json\/wp\/v2\/posts"}],"about":[{"href":"https:\/\/www.gedichtladen.de\/blog\/wp-json\/wp\/v2\/types\/post"}],"author":[{"embeddable":true,"href":"https:\/\/www.gedichtladen.de\/blog\/wp-json\/wp\/v2\/users\/1"}],"replies":[{"embeddable":true,"href":"https:\/\/www.gedichtladen.de\/blog\/wp-json\/wp\/v2\/comments?post=4723"}],"version-history":[{"count":1,"href":"https:\/\/www.gedichtladen.de\/blog\/wp-json\/wp\/v2\/posts\/4723\/revisions"}],"predecessor-version":[{"id":4724,"href":"https:\/\/www.gedichtladen.de\/blog\/wp-json\/wp\/v2\/posts\/4723\/revisions\/4724"}],"wp:attachment":[{"href":"https:\/\/www.gedichtladen.de\/blog\/wp-json\/wp\/v2\/media?parent=4723"}],"wp:term":[{"taxonomy":"category","embeddable":true,"href":"https:\/\/www.gedichtladen.de\/blog\/wp-json\/wp\/v2\/categories?post=4723"},{"taxonomy":"post_tag","embeddable":true,"href":"https:\/\/www.gedichtladen.de\/blog\/wp-json\/wp\/v2\/tags?post=4723"}],"curies":[{"name":"wp","href":"https:\/\/api.w.org\/{rel}","templated":true}]}}