{"id":4069,"date":"2022-10-08T19:34:21","date_gmt":"2022-10-08T17:34:21","guid":{"rendered":"https:\/\/www.gedichtladen.de\/blog\/?p=4069"},"modified":"2023-12-08T22:59:05","modified_gmt":"2023-12-08T20:59:05","slug":"zwischen-den-lichtern","status":"publish","type":"post","link":"https:\/\/www.gedichtladen.de\/blog\/archive\/4069","title":{"rendered":"Zwischen den Lichtern"},"content":{"rendered":"<p><strong>Zwischen den Lichtern<\/strong> <\/p>\n<p>Du<br \/>\nWanderer<br \/>\nin den W\u00e4ldern und Fluren<br \/>\nsag, hast Du es wiedergefunden<br \/>\ndas Gl\u00fchw\u00fcrmchen<br \/>\nvom Sommeranfang<br \/>\nin all den N\u00e4chten<br \/>\ngelang Dir<br \/>\ndas Greifen nach Deiner Dunkelheit<br \/>\nund diese zum Tier zu tragen<br \/>\nzu dem Kleinen<br \/>\num es zu best\u00e4rken in seinem Leuchten<br \/>\ngegen die \u00dcbermacht<br \/>\nder Sterne am Firmament<br \/>\nlehrte es Dich<br \/>\nals Dank<br \/>\ndie Morsezeichen<br \/>\nwelche es hinauf sendet<br \/>\nin der Hoffnung auf Antwort<br \/>\nohne zu ahnen<br \/>\nwie ich<br \/>\ndass jenes ferne sch\u00f6ne Funkeln<br \/>\neine Supernova war <\/p>\n<p>\u202f<br \/>\nsibyll maschler<br \/>\nAugust 2015<\/p>\n","protected":false},"excerpt":{"rendered":"<p>Zwischen den Lichtern Du Wanderer in den W\u00e4ldern und Fluren sag, hast Du es wiedergefunden das Gl\u00fchw\u00fcrmchen vom Sommeranfang in all den N\u00e4chten gelang Dir das Greifen nach Deiner Dunkelheit und diese zum Tier zu tragen zu dem Kleinen um&#8230;<br \/><a class=\"read-more-button\" href=\"https:\/\/www.gedichtladen.de\/blog\/archive\/4069\">Mehr Lesen<\/a><\/p>\n","protected":false},"author":1,"featured_media":0,"comment_status":"open","ping_status":"closed","sticky":false,"template":"","format":"standard","meta":{"footnotes":""},"categories":[1],"tags":[],"class_list":["post-4069","post","type-post","status-publish","format-standard","hentry","category-allgemein"],"_links":{"self":[{"href":"https:\/\/www.gedichtladen.de\/blog\/wp-json\/wp\/v2\/posts\/4069","targetHints":{"allow":["GET"]}}],"collection":[{"href":"https:\/\/www.gedichtladen.de\/blog\/wp-json\/wp\/v2\/posts"}],"about":[{"href":"https:\/\/www.gedichtladen.de\/blog\/wp-json\/wp\/v2\/types\/post"}],"author":[{"embeddable":true,"href":"https:\/\/www.gedichtladen.de\/blog\/wp-json\/wp\/v2\/users\/1"}],"replies":[{"embeddable":true,"href":"https:\/\/www.gedichtladen.de\/blog\/wp-json\/wp\/v2\/comments?post=4069"}],"version-history":[{"count":1,"href":"https:\/\/www.gedichtladen.de\/blog\/wp-json\/wp\/v2\/posts\/4069\/revisions"}],"predecessor-version":[{"id":4070,"href":"https:\/\/www.gedichtladen.de\/blog\/wp-json\/wp\/v2\/posts\/4069\/revisions\/4070"}],"wp:attachment":[{"href":"https:\/\/www.gedichtladen.de\/blog\/wp-json\/wp\/v2\/media?parent=4069"}],"wp:term":[{"taxonomy":"category","embeddable":true,"href":"https:\/\/www.gedichtladen.de\/blog\/wp-json\/wp\/v2\/categories?post=4069"},{"taxonomy":"post_tag","embeddable":true,"href":"https:\/\/www.gedichtladen.de\/blog\/wp-json\/wp\/v2\/tags?post=4069"}],"curies":[{"name":"wp","href":"https:\/\/api.w.org\/{rel}","templated":true}]}}