{"id":3819,"date":"2021-10-04T18:13:44","date_gmt":"2021-10-04T16:13:44","guid":{"rendered":"https:\/\/www.gedichtladen.de\/blog\/?p=3819"},"modified":"2023-12-08T22:59:06","modified_gmt":"2023-12-08T20:59:06","slug":"service-tuef-und-rueckrufaktion-lds-af-591","status":"publish","type":"post","link":"https:\/\/www.gedichtladen.de\/blog\/archive\/3819","title":{"rendered":"Service, T\u00dcF und R\u00fcckrufaktion LDS AF 591"},"content":{"rendered":"<p><strong>Service, T\u00dcF und R\u00fcckrufaktion LDS AF 591<\/strong><\/p>\n<p>Sehr geehrter Herr Tiefensee,<br \/>\nin diesen drei Angelegenheiten h\u00e4tte ich gern einen Servicetermin noch im Oktober. Vielleicht k\u00f6nnen Sie sich immer noch an mich erinnern, denn wir hatten diese Schl\u00fcsselaff\u00e4re im Zusammenhang mit meiner Erbschaft, die ich inzwischen an meine drei von vier T\u00f6chtern weitervererbt habe. Allerdings bin ich noch nicht meinem Vater nachgefolgt und sein Mercedes ist nun mein gro\u00dfes Andenken an ihn. Das Haus, aus dem mich meine Geschwister auf schnellstem Wege expediert hatten, steht seitdem immer noch leer und Sie sehen, dass es mit meinem Rausschmiss eigentlich keine Eile gehabt h\u00e4tte. Meine jetzige Verlobte hat auch Gefallen an diesem Wagen gefunden und nutzt ihn jetzt fast ausschlie\u00dflich, w\u00e4hrend ich die \u00d6ffentlichen und mein Fahrrad vorziehe. Die seltenen Male, die ich auch damit fahre, haben mich aber mit diesem etwas h\u00fcpfenden Etwas, wegen des zu geringen Radstandes, vers\u00f6hnt und ich habe da auch so etwas wie Fahrvergnuegen.<br \/>\nVor gut einem Jahr hatte ich ja auf meiner Gedichtladenseite www.gedichtladen.de sogar ein Preisausschreiben, als meine Geschwister auch noch die Nummernschilder eingezogen hatten, ohne mein Wissen, was ja eigentlich Diebstahl war, aber wohin bringt es nicht die Menschen, wenn sie gierig oder auch nur misstrauisch sind. Keiner wusste mehr, welche Autonummer mein Vater gehabt hatte, und statt zur Polizei zu gehen, hatte ich damals ein kleines Preisausschreiben gestartet, dessen L\u00f6sung in der Nennung des Kennzeichens bestanden hatte, das doch die Diebe leicht vom Blech h\u00e4tten lesen k\u00f6nnen, denn die Papiere hatte ein gn\u00e4diges Schicksal im Schub des Viersternehotels in Lwow zur\u00fcckgelassen und sie gingen mir erst sp\u00e4ter zu. Die Aufl\u00f6sung fand am 11. Juli statt (11. Juli 2020 \u2013 Der Gedichtladen), also alles nur wenige Tage nach dem Tod meines Vaters, der am 25. Juni verstorben war.<br \/>\nIch schreibe das nur alles, weil Sie doch mal freundliches Interesse gezeigt hatten und es vielleicht auch ein bisschen Zerstreuung in den ansonsten etwas unpers\u00f6nlichen Alltag bringt.<br \/>\nMit freundlichen Herbstgr\u00fc\u00dfen<\/p>\n<p><em>Ihr Dr. Christian Rempel<\/em><\/p>\n","protected":false},"excerpt":{"rendered":"<p>Service, T\u00dcF und R\u00fcckrufaktion LDS AF 591 Sehr geehrter Herr Tiefensee, in diesen drei Angelegenheiten h\u00e4tte ich gern einen Servicetermin noch im Oktober. Vielleicht k\u00f6nnen Sie sich immer noch an mich erinnern, denn wir hatten diese Schl\u00fcsselaff\u00e4re im Zusammenhang mit&#8230;<br \/><a class=\"read-more-button\" href=\"https:\/\/www.gedichtladen.de\/blog\/archive\/3819\">Mehr Lesen<\/a><\/p>\n","protected":false},"author":1,"featured_media":0,"comment_status":"open","ping_status":"closed","sticky":false,"template":"","format":"standard","meta":{"footnotes":""},"categories":[1],"tags":[],"class_list":["post-3819","post","type-post","status-publish","format-standard","hentry","category-allgemein"],"_links":{"self":[{"href":"https:\/\/www.gedichtladen.de\/blog\/wp-json\/wp\/v2\/posts\/3819","targetHints":{"allow":["GET"]}}],"collection":[{"href":"https:\/\/www.gedichtladen.de\/blog\/wp-json\/wp\/v2\/posts"}],"about":[{"href":"https:\/\/www.gedichtladen.de\/blog\/wp-json\/wp\/v2\/types\/post"}],"author":[{"embeddable":true,"href":"https:\/\/www.gedichtladen.de\/blog\/wp-json\/wp\/v2\/users\/1"}],"replies":[{"embeddable":true,"href":"https:\/\/www.gedichtladen.de\/blog\/wp-json\/wp\/v2\/comments?post=3819"}],"version-history":[{"count":3,"href":"https:\/\/www.gedichtladen.de\/blog\/wp-json\/wp\/v2\/posts\/3819\/revisions"}],"predecessor-version":[{"id":3822,"href":"https:\/\/www.gedichtladen.de\/blog\/wp-json\/wp\/v2\/posts\/3819\/revisions\/3822"}],"wp:attachment":[{"href":"https:\/\/www.gedichtladen.de\/blog\/wp-json\/wp\/v2\/media?parent=3819"}],"wp:term":[{"taxonomy":"category","embeddable":true,"href":"https:\/\/www.gedichtladen.de\/blog\/wp-json\/wp\/v2\/categories?post=3819"},{"taxonomy":"post_tag","embeddable":true,"href":"https:\/\/www.gedichtladen.de\/blog\/wp-json\/wp\/v2\/tags?post=3819"}],"curies":[{"name":"wp","href":"https:\/\/api.w.org\/{rel}","templated":true}]}}