{"id":3772,"date":"2021-08-11T10:02:33","date_gmt":"2021-08-11T08:02:33","guid":{"rendered":"https:\/\/www.gedichtladen.de\/blog\/?p=3772"},"modified":"2023-12-08T22:59:06","modified_gmt":"2023-12-08T20:59:06","slug":"ein-boot","status":"publish","type":"post","link":"https:\/\/www.gedichtladen.de\/blog\/archive\/3772","title":{"rendered":"Ein Boot"},"content":{"rendered":"<p><strong>Ein Boot<\/strong><\/p>\n<p>Wir sitzen alle in einem Boot. Das kann man auf so vieles beziehen, sei es der Klimawandel, der Lokf\u00fchrerstreik oder eben das Forschen, das ich doch im Rahmen der Jugend forscht Bewegung praktiziere. Bei letzterem gibt es zwei Aspekte. <\/p>\n<p>Es zeichnete sich ab, dass wir ein kleines Produkt, gerade mal zwei Kubikzentimeter kompakte Elektronik, herstellen k\u00f6nnten. Ein wirklich sehr n\u00fctzliches Bauteil, das erlaubt, einen kleinen Motor in der Drehzahl und der Richtung zu steuern mittels eines Mikrocontrollers. Dazu braucht es eine zwei Quadratzentimeter kleine Platine und nat\u00fcrlich Vermarktungsaussichten. Die Ausschau nach solchen M\u00f6glichkeiten in Deutschland zeigt aber, dass das kaum m\u00f6glich ist. Es gibt weder Hersteller preiswerter Platinen in Deutschland mehr, noch w\u00fcrde sich jemand bereitfinden, ein solches Produkt im Wert von sagen wir 10 Euro zu vermarkten. Wir sind nicht mehr die Macher, sondern nur noch die Tester und Kr\u00e4mer. Trotzdem hei\u00dft es da, nicht aufgeben.<\/p>\n<p>Wo wir in der Jugend forscht Bewegung auch in einem Boot sitzen sollen, bezieht sich auf Betreuer und Juroren. Letztere m\u00fcssen nicht zun\u00e4chst die Frage beantworten, was sie je selbst erfunden haben, sondern sind nat\u00fcrlich informiert, was es alles gibt und was man noch erfinden k\u00f6nnte, wenn man es nicht gerade selbst muss. Die Entfremdung von der praktischen Arbeit ist so stark, dass sich aufgetretene und \u00fcberwundene Schwierigkeiten dem Vorstellungsverm\u00f6gen der Juroren weitgehend entziehen. Da hatte ich schon mal angeregt, dass man mehr Jugendliche in die Beurteilung von solchen Leistungen einbeziehen sollte. Das w\u00e4re auch ein Schritt, die Jugend forscht Bewegung mehr in die H\u00e4nde der Jugendlichen zu legen, aber die Steuermannpositionen im Ruderkahn sind gefragt und besetzt.<\/p>\n<p>Und schlie\u00dflich haben Max und ich selbst ein Boot gebaut, einen Katamaran mit Schwimmk\u00f6rpern und spritzwassergesch\u00fctzter Elektronik, den man \u00fcber Blue Tooth fernsteuern kann. Das war als Geschenk gedacht, hat aber \u00e4hnliche Reaktionen, wie bei einer Jury hervorgebracht. Man sah sich die Sache fl\u00fcchtig an und hakte sie ab, obwohl mein Jugendforscher und ich drei Wochen daran gearbeitet hatten.<\/p>\n<p>Also sitzen wir wirklich noch in einem Boot oder ist es angezeigt, in dynamischere Regionen, also nach Fernost auszuwandern, um in ein wirklich noch t\u00e4tiges Umfeld zu kommen? Dort soll es ja teilweise schlecht stehen um die Menschenrechte, was ein bisschen bedauerlich ist. Dass es aber offenbar das hierzulande wenig vermisste Menschenrecht der sch\u00f6pferischen menschlichen Arbeit garantiert, hat man weniger im Blick.<\/p>\n<p><em>C.R. 11.8.2021<\/em><\/p>\n","protected":false},"excerpt":{"rendered":"<p>Ein Boot Wir sitzen alle in einem Boot. Das kann man auf so vieles beziehen, sei es der Klimawandel, der Lokf\u00fchrerstreik oder eben das Forschen, das ich doch im Rahmen der Jugend forscht Bewegung praktiziere. Bei letzterem gibt es zwei&#8230;<br \/><a class=\"read-more-button\" href=\"https:\/\/www.gedichtladen.de\/blog\/archive\/3772\">Mehr Lesen<\/a><\/p>\n","protected":false},"author":1,"featured_media":0,"comment_status":"open","ping_status":"closed","sticky":false,"template":"","format":"standard","meta":{"footnotes":""},"categories":[12],"tags":[],"class_list":["post-3772","post","type-post","status-publish","format-standard","hentry","category-kolumne"],"_links":{"self":[{"href":"https:\/\/www.gedichtladen.de\/blog\/wp-json\/wp\/v2\/posts\/3772","targetHints":{"allow":["GET"]}}],"collection":[{"href":"https:\/\/www.gedichtladen.de\/blog\/wp-json\/wp\/v2\/posts"}],"about":[{"href":"https:\/\/www.gedichtladen.de\/blog\/wp-json\/wp\/v2\/types\/post"}],"author":[{"embeddable":true,"href":"https:\/\/www.gedichtladen.de\/blog\/wp-json\/wp\/v2\/users\/1"}],"replies":[{"embeddable":true,"href":"https:\/\/www.gedichtladen.de\/blog\/wp-json\/wp\/v2\/comments?post=3772"}],"version-history":[{"count":1,"href":"https:\/\/www.gedichtladen.de\/blog\/wp-json\/wp\/v2\/posts\/3772\/revisions"}],"predecessor-version":[{"id":3773,"href":"https:\/\/www.gedichtladen.de\/blog\/wp-json\/wp\/v2\/posts\/3772\/revisions\/3773"}],"wp:attachment":[{"href":"https:\/\/www.gedichtladen.de\/blog\/wp-json\/wp\/v2\/media?parent=3772"}],"wp:term":[{"taxonomy":"category","embeddable":true,"href":"https:\/\/www.gedichtladen.de\/blog\/wp-json\/wp\/v2\/categories?post=3772"},{"taxonomy":"post_tag","embeddable":true,"href":"https:\/\/www.gedichtladen.de\/blog\/wp-json\/wp\/v2\/tags?post=3772"}],"curies":[{"name":"wp","href":"https:\/\/api.w.org\/{rel}","templated":true}]}}