{"id":3737,"date":"2021-05-02T11:34:36","date_gmt":"2021-05-02T09:34:36","guid":{"rendered":"https:\/\/www.gedichtladen.de\/blog\/?p=3737"},"modified":"2023-12-08T22:59:06","modified_gmt":"2023-12-08T20:59:06","slug":"kampftag","status":"publish","type":"post","link":"https:\/\/www.gedichtladen.de\/blog\/archive\/3737","title":{"rendered":"Kampftag"},"content":{"rendered":"<p><strong>Kampftag<\/strong><\/p>\n<p>Heute beginnt ja nun der Wonnemonat mit dem ersten des Monats Mai. Man kann sich fragen, ob es noch etwas zu k\u00e4mpfen gibt, und das dr\u00e4ngt einem von allen Seiten entgegen, denn die Welt muss besser werden, sie muss endlich in Ordnung kommen. F\u00fcr diesen kommenden Moment hatte ich mir vorgenommen, das Rauchen aufzugeben, und als ich das j\u00fcngst einem Freund sagte, war er der Meinung, dass ich mir da getrost noch eine Stange anschaffen kann.<\/p>\n<p>Doch worum geht es, wenn man sagt, die Welt muss in Ordnung kommen? Steht denn schon wieder eine Revolution an, bei der viel Blut vergossen w\u00fcrde, und man sp\u00e4ter dann einsieht, dass es doch nicht ganz das Richtige gewesen ist? Nein das ist eine Ver\u00e4nderung, die ganz schleichend schon im Gange ist, dass man n\u00e4mlich nicht mit dem Finger auf die vermeintlich Schuldigen zeigt, sondern zuf\u00f6rderst bei sich selbst anf\u00e4ngt, man sich in aller Ruhe und Besonnenheit fragt, welche Beitr\u00e4ge man selbst leistet zu Xabgier und Xerzlosigkeit, ob man selbst schon den Xumor verloren hat.<\/p>\n<p>Das sieht nach Nabelschau aus, aber ist der eigene Nabel nicht auch der Nabel der Welt, genau wie wir unsere Erde als zwar beweglichen, aber nicht destotrotz zentralen Punkt der Welt ansehen sollten. Jeder Mensch ist ein Universum und wir haben noch nicht ganz gelernt, damit auch immer umzugehen. Auch die Politiker sind nat\u00fcrlich nicht alles Idioten, auch wenn es manchmal an der Verantwortungsnahme eben bei ihnen fehlt. Wir kehren die X\u00e4me also nicht nach au\u00dfen, denn nach einigem Nachdenken w\u00fcrden wir auch da wieder uns selbst finden, denn jeder hat einen Balken im Auge, womit er bei anderen meistens nur Splitter sieht.<\/p>\n<p>Es gibt so viel Frohsinn in heutigen Zeiten, wo alles hinter einer Maske sich zu verstecken hat, die zum Symbol f\u00fcr R\u00fccksichtnahme herhalten soll, aber auch die Gesichtserkennung au\u00dfer Kraft setzt, die ein Beispiel f\u00fcr die heutigen \u00dcbel ist, das allerdings noch viel fl\u00e4chendeckender ist. Mein Handy jedenfalls erkennt mich in dieser Maskierung nicht, dabei werden uns ja nur die Abfallprodukte einer hochentwickelten Technologie zur Verf\u00fcgung gestellt, die uns allerdings ahnen lassen k\u00f6nnte, wie weit es mit diesen Dingen an der Spitze ist. Es ist doch so, dass man uns oder wir uns alle zu Kaisern gemacht haben, die beim Blick in den Spiegel gar nicht mehr wahrnehmen, dass sie eigentlich ganz nackt sind, denen es erst ein Kind wird sagen m\u00fcssen.<\/p>\n<p>Also lasst die Kinderlein zu uns kommen. Das sagte uns einst ein Mann, den es wohl gar nicht gab, aber der uns als moralischer Imperativ so vor der Nase sitzt, dass wir eigentlich gar nichts mehr \u00fcbersehen sollten. Also sehet \u2026<\/p>\n<p><em>C.R. 1.5.2021<\/em><\/p>\n","protected":false},"excerpt":{"rendered":"<p>Kampftag Heute beginnt ja nun der Wonnemonat mit dem ersten des Monats Mai. Man kann sich fragen, ob es noch etwas zu k\u00e4mpfen gibt, und das dr\u00e4ngt einem von allen Seiten entgegen, denn die Welt muss besser werden, sie muss&#8230;<br \/><a class=\"read-more-button\" href=\"https:\/\/www.gedichtladen.de\/blog\/archive\/3737\">Mehr Lesen<\/a><\/p>\n","protected":false},"author":1,"featured_media":0,"comment_status":"open","ping_status":"closed","sticky":false,"template":"","format":"standard","meta":{"footnotes":""},"categories":[12],"tags":[],"class_list":["post-3737","post","type-post","status-publish","format-standard","hentry","category-kolumne"],"_links":{"self":[{"href":"https:\/\/www.gedichtladen.de\/blog\/wp-json\/wp\/v2\/posts\/3737","targetHints":{"allow":["GET"]}}],"collection":[{"href":"https:\/\/www.gedichtladen.de\/blog\/wp-json\/wp\/v2\/posts"}],"about":[{"href":"https:\/\/www.gedichtladen.de\/blog\/wp-json\/wp\/v2\/types\/post"}],"author":[{"embeddable":true,"href":"https:\/\/www.gedichtladen.de\/blog\/wp-json\/wp\/v2\/users\/1"}],"replies":[{"embeddable":true,"href":"https:\/\/www.gedichtladen.de\/blog\/wp-json\/wp\/v2\/comments?post=3737"}],"version-history":[{"count":1,"href":"https:\/\/www.gedichtladen.de\/blog\/wp-json\/wp\/v2\/posts\/3737\/revisions"}],"predecessor-version":[{"id":3738,"href":"https:\/\/www.gedichtladen.de\/blog\/wp-json\/wp\/v2\/posts\/3737\/revisions\/3738"}],"wp:attachment":[{"href":"https:\/\/www.gedichtladen.de\/blog\/wp-json\/wp\/v2\/media?parent=3737"}],"wp:term":[{"taxonomy":"category","embeddable":true,"href":"https:\/\/www.gedichtladen.de\/blog\/wp-json\/wp\/v2\/categories?post=3737"},{"taxonomy":"post_tag","embeddable":true,"href":"https:\/\/www.gedichtladen.de\/blog\/wp-json\/wp\/v2\/tags?post=3737"}],"curies":[{"name":"wp","href":"https:\/\/api.w.org\/{rel}","templated":true}]}}