{"id":3731,"date":"2021-04-23T22:16:38","date_gmt":"2021-04-23T20:16:38","guid":{"rendered":"https:\/\/www.gedichtladen.de\/blog\/?p=3731"},"modified":"2023-12-08T22:59:06","modified_gmt":"2023-12-08T20:59:06","slug":"ein-sonett-fuer-vadder-zum-94","status":"publish","type":"post","link":"https:\/\/www.gedichtladen.de\/blog\/archive\/3731","title":{"rendered":"Ein Sonett f\u00fcr Vadder zum 94."},"content":{"rendered":"<p><strong>Ein Sonett f\u00fcr Vadder zum 94.<\/strong><\/p>\n<p>Wir nun an verbotene T\u00fcren klinken1<br \/>\nDeinem verpflichtend Verm\u00e4chtnis treu<br \/>\nUns mit Freunden und Feinden verlinken<br \/>\nBerauschend uns am Freiheitsgebr\u00e4u<\/p>\n<p>Wie musste ich Dich einst hassen<br \/>\nWas Du an meiner Schwester getan<br \/>\nDie Jugend aus ihrer Asche lassen<br \/>\nDurchs Alter gel\u00e4utert \u2013 so fing es an<\/p>\n<p>Uns seht nur seht, die Menge steht auf<br \/>\nHellsicht und Geigen sind unsre Waffen<br \/>\nUnd seht nur verwundert die wenigen gaffen<\/p>\n<p>Dein Traum noch eh Du Dich dreimal gedreht<br \/>\nIn Deiner Gruft, wo Dein Name nicht steht<br \/>\nIch folg getreulich Deiner Sonnen Lauf<\/p>\n<p><em>Christian Eberhard Rempel zum 22.4.2021<br \/>\n1 Erhard Schirner<\/em><\/p>\n","protected":false},"excerpt":{"rendered":"<p>Ein Sonett f\u00fcr Vadder zum 94. Wir nun an verbotene T\u00fcren klinken1 Deinem verpflichtend Verm\u00e4chtnis treu Uns mit Freunden und Feinden verlinken Berauschend uns am Freiheitsgebr\u00e4u Wie musste ich Dich einst hassen Was Du an meiner Schwester getan Die Jugend&#8230;<br \/><a class=\"read-more-button\" href=\"https:\/\/www.gedichtladen.de\/blog\/archive\/3731\">Mehr Lesen<\/a><\/p>\n","protected":false},"author":1,"featured_media":0,"comment_status":"open","ping_status":"closed","sticky":false,"template":"","format":"standard","meta":{"footnotes":""},"categories":[1,15],"tags":[],"class_list":["post-3731","post","type-post","status-publish","format-standard","hentry","category-allgemein","category-geburtstage"],"_links":{"self":[{"href":"https:\/\/www.gedichtladen.de\/blog\/wp-json\/wp\/v2\/posts\/3731","targetHints":{"allow":["GET"]}}],"collection":[{"href":"https:\/\/www.gedichtladen.de\/blog\/wp-json\/wp\/v2\/posts"}],"about":[{"href":"https:\/\/www.gedichtladen.de\/blog\/wp-json\/wp\/v2\/types\/post"}],"author":[{"embeddable":true,"href":"https:\/\/www.gedichtladen.de\/blog\/wp-json\/wp\/v2\/users\/1"}],"replies":[{"embeddable":true,"href":"https:\/\/www.gedichtladen.de\/blog\/wp-json\/wp\/v2\/comments?post=3731"}],"version-history":[{"count":1,"href":"https:\/\/www.gedichtladen.de\/blog\/wp-json\/wp\/v2\/posts\/3731\/revisions"}],"predecessor-version":[{"id":3732,"href":"https:\/\/www.gedichtladen.de\/blog\/wp-json\/wp\/v2\/posts\/3731\/revisions\/3732"}],"wp:attachment":[{"href":"https:\/\/www.gedichtladen.de\/blog\/wp-json\/wp\/v2\/media?parent=3731"}],"wp:term":[{"taxonomy":"category","embeddable":true,"href":"https:\/\/www.gedichtladen.de\/blog\/wp-json\/wp\/v2\/categories?post=3731"},{"taxonomy":"post_tag","embeddable":true,"href":"https:\/\/www.gedichtladen.de\/blog\/wp-json\/wp\/v2\/tags?post=3731"}],"curies":[{"name":"wp","href":"https:\/\/api.w.org\/{rel}","templated":true}]}}