{"id":3685,"date":"2021-04-02T08:22:59","date_gmt":"2021-04-02T06:22:59","guid":{"rendered":"https:\/\/www.gedichtladen.de\/blog\/?p=3685"},"modified":"2023-12-08T22:59:06","modified_gmt":"2023-12-08T20:59:06","slug":"1-april","status":"publish","type":"post","link":"https:\/\/www.gedichtladen.de\/blog\/archive\/3685","title":{"rendered":"1. April"},"content":{"rendered":"<p><center><br \/>\n<img decoding=\"async\" src=\"https:\/\/www.gedichtladen.de\/blog\/wp-content\/uploads\/E2890A04-742A-4DF6-B9A1-5E76EAEAB9D2.jpeg\"><br \/>\n<em>Das Bild noch mal f\u00fcr den heutigen Tag auf die Startseite:<br \/>\nDieses Haus wurde im zweiten Weltkrieg von der Roten Armee requiriert, einschlie\u00dflich des schwarzen und des wei\u00dfen Schafes, einem Karnickel, das sogleich in der Gulaschkanone landete und einem Hahn, der erst entnazifiziert werden musste, bevor er aufh\u00f6rte zu kr\u00e4hen. Der Divisionskommandeur Sergej Aprelowitsch hatte es als Sitz der sowjetischen Zeuthenkommandatur vorgesehen, wurde aber bald in ein Kinderheim f\u00fcr Nachkriegskinder umgewandelt, denen von Anfang an die KGB Ideologie eingeimpft wurde. Ab 2023 war es dann das \u041c\u0423\u0417\u0415\u0419 \u0426\u0415\u0419\u0422\u0415\u041d\u0410, das viele Besucher anzog.<br \/>\nADN 1.4.2021<br \/>\n\u0414\u0440\u0443\u0436\u0431\u0430<\/em><br \/>\n<\/center><\/p>\n<hr\/>\n<p><wbr><br \/>\n<strong>Elternhaus<\/strong><\/p>\n<p>Unser Haus im Lindenring<br \/>\nMit ihm ist es ein eigen Ding<br \/>\nErinnrung kennt hier keine Schranken<br \/>\nAch lasst von Blumen es umranken <\/p>\n<p>Der Seele ist es auch ein Quell<br \/>\nWas h\u00f6r ich Kinderstimmen hell<br \/>\nDie Vater und auch Mutter sagen<br \/>\nMusik t\u00f6nt &#8211; wird hinausgetragen<\/p>\n<p>Ach Mammon schn\u00f6d, was bist Du blass<br \/>\nIch kenn Dich, doch ich wei\u00df etwas<br \/>\nDas st\u00e4rker noch als jede Bande<\/p>\n<p>Das Herz ist&#8217;s, das im Hause schl\u00e4gt<br \/>\nDen Mammon bald zu Grabe tr\u00e4gt<br \/>\nWard er doch eh nur Schimpf und Schande<\/p>\n<p><em>C.R. zum 18.8.2020<\/em><\/p>\n","protected":false},"excerpt":{"rendered":"<p>Das Bild noch mal f\u00fcr den heutigen Tag auf die Startseite: Dieses Haus wurde im zweiten Weltkrieg von der Roten Armee requiriert, einschlie\u00dflich des schwarzen und des wei\u00dfen Schafes, einem Karnickel, das sogleich in der Gulaschkanone landete und einem Hahn,&#8230;<br \/><a class=\"read-more-button\" href=\"https:\/\/www.gedichtladen.de\/blog\/archive\/3685\">Mehr Lesen<\/a><\/p>\n","protected":false},"author":1,"featured_media":0,"comment_status":"open","ping_status":"closed","sticky":false,"template":"","format":"standard","meta":{"footnotes":""},"categories":[17],"tags":[],"class_list":["post-3685","post","type-post","status-publish","format-standard","hentry","category-archiv-der-startseiten"],"_links":{"self":[{"href":"https:\/\/www.gedichtladen.de\/blog\/wp-json\/wp\/v2\/posts\/3685","targetHints":{"allow":["GET"]}}],"collection":[{"href":"https:\/\/www.gedichtladen.de\/blog\/wp-json\/wp\/v2\/posts"}],"about":[{"href":"https:\/\/www.gedichtladen.de\/blog\/wp-json\/wp\/v2\/types\/post"}],"author":[{"embeddable":true,"href":"https:\/\/www.gedichtladen.de\/blog\/wp-json\/wp\/v2\/users\/1"}],"replies":[{"embeddable":true,"href":"https:\/\/www.gedichtladen.de\/blog\/wp-json\/wp\/v2\/comments?post=3685"}],"version-history":[{"count":1,"href":"https:\/\/www.gedichtladen.de\/blog\/wp-json\/wp\/v2\/posts\/3685\/revisions"}],"predecessor-version":[{"id":3686,"href":"https:\/\/www.gedichtladen.de\/blog\/wp-json\/wp\/v2\/posts\/3685\/revisions\/3686"}],"wp:attachment":[{"href":"https:\/\/www.gedichtladen.de\/blog\/wp-json\/wp\/v2\/media?parent=3685"}],"wp:term":[{"taxonomy":"category","embeddable":true,"href":"https:\/\/www.gedichtladen.de\/blog\/wp-json\/wp\/v2\/categories?post=3685"},{"taxonomy":"post_tag","embeddable":true,"href":"https:\/\/www.gedichtladen.de\/blog\/wp-json\/wp\/v2\/tags?post=3685"}],"curies":[{"name":"wp","href":"https:\/\/api.w.org\/{rel}","templated":true}]}}