{"id":2941,"date":"2018-07-14T09:17:21","date_gmt":"2018-07-14T07:17:21","guid":{"rendered":"https:\/\/www.gedichtladen.de\/blog\/?p=2941"},"modified":"2023-12-08T22:59:46","modified_gmt":"2023-12-08T20:59:46","slug":"kolumne-kw-28-2018-eine-koryphaee","status":"publish","type":"post","link":"https:\/\/www.gedichtladen.de\/blog\/archive\/2941","title":{"rendered":"Kolumne KW 28 2018 \u201eEine Koryph\u00e4e\u201c"},"content":{"rendered":"<p><strong>Eine Koryph\u00e4e \u2026<\/strong><\/p>\n<p>\u2026 weilt nicht mehr unter uns, die seinerzeit die Laserphysik in der DDR vorangebracht hatte und auf einem Gebiet, der nichtlinearen Optik, zur Weltgeltung brachte. Ich selbst habe mich mit diesen Techniken besch\u00e4ftigt, die darauf basieren, dass man durch kurze Lichtblitze aus Lasern sehr hohe elektrische Felder erzielen kann, die dazu f\u00fchren, dass Materialien qualitativ v\u00f6llig neuartige Eigenschaften zeigen, die auch nicht ganz einfach mathematisch zu beschreiben sind. So kann zum Beispiel Licht seine Frequenz ver\u00e4ndern und Wellenl\u00e4ngen zeigen, die im Eingestrahlten gar nicht vorhanden waren. Mit diesen ultrakurzen Lichtimpulsen kann man auch dynamische Prozesse untersuchen, die auf sehr schnellen Zeitskalen ablaufen.<\/p>\n<p>In Jena und Berlin wurden f\u00fcr diese beachteten Forschungen arbeitsteilig Voraussetzungen geschaffen, die so erfolgreich waren, dass wir in unserer unternehmerischen Anfangszeit nach der Wende, damit sogar Geld verdienen konnten.<\/p>\n<p>Aber nicht nur fachliche Erfolge des Professors Bernd Wilhelmi z\u00e4hlen, der am 6.7.2018 in Jena gestorben ist, sondern er war auch ein au\u00dferordentlicher Mensch, der sich immer im Detail interessiert zeigte und Gelaber und Querelen mit seiner legend\u00e4ren Sachlichkeit gut aus dem Wege gehen konnte, indem er einfach etwas unaufmerksamer dreinblickte. Er hat nie die Verbindung zur konkreten Arbeit aufgegeben, nicht als Rektor der Jenaer Universit\u00e4t oder als designierter Akademiepr\u00e4sident in Berlin. In den Jahren nach der Wende noch als Berater von Jenoptik und speziell von Lothar Sp\u00e4th. Nach dessen Weggang dann noch im wissenschaftlichen Beirat des Unternehmens, und nat\u00fcrlich privat stets auf dem Laufenden der modernen Forschung.<\/p>\n<p>F\u00fcr einen Physiker untypisch war sein kulturelles Interesse, sowohl was klassische Musik anbelangte, als auch Kunst und Literatur. Man glaubt nicht, dass er sich neben seiner angestrengten fachlichen Arbeit auch noch Zeit zum Lesen nehmen konnte und so manche literarische Empfehlung parat hatte.<\/p>\n<p>Seine fachlichen Erfolge haben ihn um die ganze Welt gef\u00fchrt, aber er hat dieses Verdienst, das er sich selbst erwarb und sich nie mit fremden Federn schm\u00fcckte, nicht nur f\u00fcr sich genutzt, sondern auch junge Leute in den Westen gebracht, womit gar nicht das endg\u00fcltige Verlassen der DDR gemeint ist, sondern all\u00fcbliche Arbeitsaufenthalte in den USA und Westdeutschland, die ja nun so gar nicht selbstverst\u00e4ndlich waren.<\/p>\n<p>Unvergessen ist auch die NLO (Bereich nichtlineare Optik) Community, die sich regelm\u00e4\u00dfig traf und zu deren Einstand jeder erst mal ein Lied vorzusingen hatte oder ein Gedicht aufzusagen. So hat er auch ein Kollektiv gepr\u00e4gt, das weit entfernt war von heutiger Egopflege, was f\u00fcr mich die Erfahrung war, dass es auch ohne Neid und eigenes Sch\u00e4fchen ins Trockne bringen in der Wissenschaft gehen kann.<\/p>\n<p>Nun ist da einer weniger, von dem man das alles sagen kann, und Dir, Bernd, noch ein Gedicht auf den Weg:<\/p>\n<p><strong>Zum Tod von Bernd Wilhelmi<\/strong><\/p>\n<p>Du gingst um so viel vor der Zeit<br \/>\ndas Haupt gesenkt, siehst Du uns stehen<br \/>\nwarst immer fit, ganz Sachlichkeit<br \/>\num jede Probe zu bestehen<\/p>\n<p>Wenn Freitags wir die Kr\u00fcmel fegten<br \/>\nin Zeiten, als Du Rektor warst<br \/>\nvom Tisch, dem bis dahin noch belegten<br \/>\nkamst zu uns Du, ganz auf Deine Art<\/p>\n<p>Und immer im Detail beschlagen<br \/>\nund keine Hoheit in Distanz<br \/>\nwer will da die Bilanz noch wagen<br \/>\ngabst uns stets Rat und gabst Dich ganz<\/p>\n<p>Erstand durch Dich ein ganzes Feld<br \/>\ndie Theorie vom Nichtlinearen<br \/>\nlie\u00dft aufhorchen die ganze Welt<br \/>\nund uns, die Deine Sch\u00fcler waren<\/p>\n<p>Nun sei f\u00fcr Dich ein fester Platz<br \/>\nein Fleckchen Erde reserviert<br \/>\nund den in unsern Herzen hat\u2018s<br \/>\ndie Du mit Deinem hast ber\u00fchrt<\/p>\n<p>Den Abschied h\u00e4tten gern verschoben<br \/>\nam besten auf Sankt Nimmerlein<br \/>\nwir hier, die wir Dein Leben loben<br \/>\nDu wobst in unsres Deines ein<\/p>\n<p>Ein zweites Leben gibt es ja<br \/>\nund dieses ist im Angedenken<br \/>\nh\u00e4lt Dich lebendig und uns nah<br \/>\nkannst noch im Tode uns beschenken<\/p>\n<p>Und diese Welt, von der Du schiedst<br \/>\ndie Dir gesonnen war wie keinem<br \/>\nes bleibet doch, was Du geliebt<br \/>\nauch bleibest Du, so will ich meinen<\/p>\n<p><em>Christian Rempel in Zeuthen, den 12.7.2018<\/em><\/p>\n","protected":false},"excerpt":{"rendered":"<p>Eine Koryph\u00e4e \u2026 \u2026 weilt nicht mehr unter uns, die seinerzeit die Laserphysik in der DDR vorangebracht hatte und auf einem Gebiet, der nichtlinearen Optik, zur Weltgeltung brachte. Ich selbst habe mich mit diesen Techniken besch\u00e4ftigt, die darauf basieren, dass&#8230;<br \/><a class=\"read-more-button\" href=\"https:\/\/www.gedichtladen.de\/blog\/archive\/2941\">Mehr Lesen<\/a><\/p>\n","protected":false},"author":1,"featured_media":0,"comment_status":"open","ping_status":"closed","sticky":false,"template":"","format":"standard","meta":{"footnotes":""},"categories":[12],"tags":[],"class_list":["post-2941","post","type-post","status-publish","format-standard","hentry","category-kolumne"],"_links":{"self":[{"href":"https:\/\/www.gedichtladen.de\/blog\/wp-json\/wp\/v2\/posts\/2941","targetHints":{"allow":["GET"]}}],"collection":[{"href":"https:\/\/www.gedichtladen.de\/blog\/wp-json\/wp\/v2\/posts"}],"about":[{"href":"https:\/\/www.gedichtladen.de\/blog\/wp-json\/wp\/v2\/types\/post"}],"author":[{"embeddable":true,"href":"https:\/\/www.gedichtladen.de\/blog\/wp-json\/wp\/v2\/users\/1"}],"replies":[{"embeddable":true,"href":"https:\/\/www.gedichtladen.de\/blog\/wp-json\/wp\/v2\/comments?post=2941"}],"version-history":[{"count":1,"href":"https:\/\/www.gedichtladen.de\/blog\/wp-json\/wp\/v2\/posts\/2941\/revisions"}],"predecessor-version":[{"id":2942,"href":"https:\/\/www.gedichtladen.de\/blog\/wp-json\/wp\/v2\/posts\/2941\/revisions\/2942"}],"wp:attachment":[{"href":"https:\/\/www.gedichtladen.de\/blog\/wp-json\/wp\/v2\/media?parent=2941"}],"wp:term":[{"taxonomy":"category","embeddable":true,"href":"https:\/\/www.gedichtladen.de\/blog\/wp-json\/wp\/v2\/categories?post=2941"},{"taxonomy":"post_tag","embeddable":true,"href":"https:\/\/www.gedichtladen.de\/blog\/wp-json\/wp\/v2\/tags?post=2941"}],"curies":[{"name":"wp","href":"https:\/\/api.w.org\/{rel}","templated":true}]}}