{"id":2936,"date":"2018-07-06T21:34:06","date_gmt":"2018-07-06T19:34:06","guid":{"rendered":"https:\/\/www.gedichtladen.de\/blog\/?p=2936"},"modified":"2023-12-08T22:59:46","modified_gmt":"2023-12-08T20:59:46","slug":"kolumne-kw-27-2018-ein-brief-an-sigrid-damm","status":"publish","type":"post","link":"https:\/\/www.gedichtladen.de\/blog\/archive\/2936","title":{"rendered":"Kolumne KW 27 2018 &#8222;Ein Brief an Sigrid Damm&#8220;"},"content":{"rendered":"<p>\nChristian Rempel<br \/>\nLindenring 38<br \/>\n15738 Zeuthen<\/p>\n<p>Insel Verlag<br \/>\nz.H.v. Sigrid Damm<br \/>\nPappelallee 78 \u2013 79<br \/>\n10437 Berlin<\/p>\n<p><strong>Ihr Roman: Im Kreis treibt die Zeit<\/strong><\/p>\n<p>Sehr geehrte Frau Damm,<\/p>\n<p>\ndas \u201esehr geehrte\u201c trifft hier wirklich zu und ich bin ein gro\u00dfer Bewunderer Ihrer Kunst, Biographisches so zu belegen und mit fast unmerklichen Zitaten zu durchwirken, dass der Lesefluss kaum gest\u00f6rt wird und alles sich ineinanderwebt und man nur von hoher Kultur sprechen kann. Der trockensten Historie k\u00f6nnen sie handfesten Unterhaltungswert beilegen und man ist immer ganz bei Ihnen, wenn man sich derart bildet. Das ist \u00e4u\u00dferst verehrungsw\u00fcrdig.<\/p>\n<p>\nIn Ihrem neuesten Roman \u201eIm Kreis treibt die Zeit\u201c wenden Sie sich nun der neueren Geschichte, bis fast in die Gegenwart zu und offenbaren viel Pers\u00f6nliches. Diese Hommage an Gotha und im Speziellen an Ihre Eltern wird wieder viele Menschen bewegen, auch wenn von Ihnen selbst mehr oder weniger die l\u00f6bliche Eigenschaft des K\u00fcmmerns um Stadt und Ihre Eltern haften bleibt. Gerade Ihrem Vater werden Sie die Einpr\u00e4gung von einer Vielzahl von Details zu verdanken haben, was er offenbar regelrecht mit Ihnen trainiert hat, aber zur Bl\u00fcte und wohl auch verdientem Ruhm Sie diese nur selber bringen konnten. Damit ist allerdings die Gr\u00f6\u00dfe Ihrer sonstigen Protagonisten nicht zu erreichen.<\/p>\n<p>\nTrotzdem verschlang ich das Buch, fand besonders die historischen Einsprengsel wieder sehr unterhaltsam und w\u00e4ren die letzten beiden Kapitel nicht gewesen, h\u00e4tte sich kaum die leiseste Kritik bei mir geregt. Aber dreht sich denn wirklich die Zeit im Kreis? Dass Sie sich mit Ihrem Vater ausges\u00f6hnt haben, nach der Wende und dem Tod Ihrer Mutter, wo er doch immerhin im dritten Reich ein Mitl\u00e4ufer war, wenn auch kein Nazi, wie Sie herausarbeiten, und eben eine kleine Existenz, das ist sicher alles nachvollziehbar und auf der Folie eines langen Lebens dann eben eine Marginalie.<\/p>\n<p>\nSie haben ja in Ihrem Ruhm eine ganze Korona von Bewunderern, Freunden und Verwandten, aber dass Luther nicht in Wittenberg, sondern in Eisleben gestorben ist, hatten wohl alle \u00fcbersehen. Auch dass der von Ihnen verhasste Spruch am Rathaus nicht von Schiller, sondern von Goethe stamme (Immer strebe zum Ganzen, und kannst du selber kein Ganzes\/ Werden, als dienendes Glied schlie\u00df an ein Ganzes dich an. https:\/\/de.wikiquote.org\/wiki\/Ganzes), d\u00fcrfte Ihnen als Expertin nicht unterlaufen. Ob es sich bei der Schlacht bei Frankenhausen um den M\u00fchlberg gehandelt hat, ist heute, da er jetzt Schlachtenberg hei\u00dft, f\u00fcr mich nicht mehr auszumachen, oder ist das eine Verwechslung mit der Schlacht bei M\u00fchlberg anno 1547?<\/p>\n<p>\nJeden, der nicht so viel Erfolg hat wie Sie, und das sind ja fast alle, m\u00fcssen die letzten Kapitel befremden, wo Sie die jetzigen Verh\u00e4ltnisse idealisieren und sich so recht in die Allesgenie\u00dferinrolle begeben. Wenn man die Wiederherstellung der Verh\u00e4ltnisse vor 300 Jahren als Ideal sieht, die jetzt stattfindet mit viel geldlichem Aufwand (bei aller Freude \u00fcber eine historische B\u00fchnenmaschinerie), dann treibt die Zeit wirklich im Kreis. Dieses Museumsland Deutschland kann auch schnell zu einem Panoptikum entarten.<\/p>\n<p>\nSehen Sie mir bitte diese kritischen Einw\u00e4nde nach und seien Sie meiner uneingeschr\u00e4nkten Verehrung gewiss.<\/p>\n<p>\nMit besten Gr\u00fc\u00dfen<br \/>\nDr. Christian Rempel<\/p>\n","protected":false},"excerpt":{"rendered":"<p>Christian Rempel Lindenring 38 15738 Zeuthen Insel Verlag z.H.v. Sigrid Damm Pappelallee 78 \u2013 79 10437 Berlin Ihr Roman: Im Kreis treibt die Zeit Sehr geehrte Frau Damm, das \u201esehr geehrte\u201c trifft hier wirklich zu und ich bin ein gro\u00dfer&#8230;<br \/><a class=\"read-more-button\" href=\"https:\/\/www.gedichtladen.de\/blog\/archive\/2936\">Mehr Lesen<\/a><\/p>\n","protected":false},"author":1,"featured_media":0,"comment_status":"open","ping_status":"closed","sticky":false,"template":"","format":"standard","meta":{"footnotes":""},"categories":[12],"tags":[],"class_list":["post-2936","post","type-post","status-publish","format-standard","hentry","category-kolumne"],"_links":{"self":[{"href":"https:\/\/www.gedichtladen.de\/blog\/wp-json\/wp\/v2\/posts\/2936","targetHints":{"allow":["GET"]}}],"collection":[{"href":"https:\/\/www.gedichtladen.de\/blog\/wp-json\/wp\/v2\/posts"}],"about":[{"href":"https:\/\/www.gedichtladen.de\/blog\/wp-json\/wp\/v2\/types\/post"}],"author":[{"embeddable":true,"href":"https:\/\/www.gedichtladen.de\/blog\/wp-json\/wp\/v2\/users\/1"}],"replies":[{"embeddable":true,"href":"https:\/\/www.gedichtladen.de\/blog\/wp-json\/wp\/v2\/comments?post=2936"}],"version-history":[{"count":4,"href":"https:\/\/www.gedichtladen.de\/blog\/wp-json\/wp\/v2\/posts\/2936\/revisions"}],"predecessor-version":[{"id":2940,"href":"https:\/\/www.gedichtladen.de\/blog\/wp-json\/wp\/v2\/posts\/2936\/revisions\/2940"}],"wp:attachment":[{"href":"https:\/\/www.gedichtladen.de\/blog\/wp-json\/wp\/v2\/media?parent=2936"}],"wp:term":[{"taxonomy":"category","embeddable":true,"href":"https:\/\/www.gedichtladen.de\/blog\/wp-json\/wp\/v2\/categories?post=2936"},{"taxonomy":"post_tag","embeddable":true,"href":"https:\/\/www.gedichtladen.de\/blog\/wp-json\/wp\/v2\/tags?post=2936"}],"curies":[{"name":"wp","href":"https:\/\/api.w.org\/{rel}","templated":true}]}}