{"id":2902,"date":"2018-06-03T10:42:08","date_gmt":"2018-06-03T08:42:08","guid":{"rendered":"http:\/\/www.gedichtladen.de\/blog\/?p=2902"},"modified":"2023-12-08T22:59:46","modified_gmt":"2023-12-08T20:59:46","slug":"kolumne-kw-22-2018-1-flohmarkt","status":"publish","type":"post","link":"https:\/\/www.gedichtladen.de\/blog\/archive\/2902","title":{"rendered":"Kolumne KW 22 2018 &#8222;1. Flohmarkt&#8220;"},"content":{"rendered":"<p><strong>1. Flohmarkt<\/strong>&nbsp;<\/p>\n<p>Es soll nun zum ersten Mal auch in Waltersdorf ein Flohmarkt stattfinden. Das haben sich der F\u00f6rderverein und die Feuerwehrleute von Waltersdorf f\u00fcr den 23. Juni ab 14 Uhr auf die Fahnen geschrieben. Ich bin ja beim F\u00f6rderverein nur der Finanzer, und da die Sponsormittel sp\u00e4rlich flie\u00dfen, sollen auch keine defizit\u00e4ren Unternehmungen mehr gestartet werden, denn das Verm\u00f6gen des Vereins schmilzt uns unter den H\u00e4nden weg.<\/p>\n<p><!--more-->Ich selbst habe nicht den besten Eindruck von solchen Flohm\u00e4rkten gewonnen, halte das ein bisschen f\u00fcr Gesch\u00e4ftemacherei, die den einzelnen zugute kommt, die sich offenbar viel zu viele Dinge f\u00fcr die lieben Kids angeschafft haben und die r\u00e4udigsten davon dann wieder absto\u00dfen wollen, die alle nur halb gebraucht werden und beim Erwerb dann die Kunden in denselben Zustand versetzen. Das meiste davon geht nat\u00fcrlich gar nicht weg und man kann gleich einen guten M\u00fcllcontainer danebenstellen, in den die meisten Dinge von vornherein geh\u00f6rt h\u00e4tten.<\/p>\n<p>\nSelten findet man da etwas, was einen wirklich erfreuen kann, aber zum Gl\u00fcck ist nicht nur dieser fragw\u00fcrdige Handel geplant, sondern auch eine Rallye f\u00fcr Kinder und Erwachsene und eine Tombola, bei denen es wirklich sch\u00f6ne Preise geben wird. Und letztlich ist dann auch endlich wieder etwas los in Waltersdorf, das zwar idealer Weise in Freibier f\u00fcr alle h\u00e4tte bestehen sollen, aber ein Familienfest gibt eben die M\u00f6glichkeit, dass man sich auch mal n\u00fcchtern trifft und sich die vielen Familien, die es in Waltersdorf inzwischen gibt, mal sehen und ein bisschen Spa\u00df miteinander haben.<\/p>\n<p>\nDa kann man sich dann, auch als Skeptiker, mit solch einem Flohmarkt auss\u00f6hnen und vielleicht veranlasst es ja auch Familien, dar\u00fcber nachzudenken, was man wirklich noch an den Mann bringen kann, oder was nun wirklich mal entsorgt werden sollte. Insofern kann das zu einem Ordnungsfaktor werden und man kann auch sichten, was andere so alles aus dem Keller gezogen haben. Die f\u00fcnf Euro Standgeb\u00fchr und dazu einen Kuchen sollte einem das schon wert sein und letztlich kann man, wenn man auch nichts gekauft hat, sich den Kuchen wenigstens schmecken lassen.<\/p>\n<p><strong>Also hoffen wir auf ein gutes Gelingen und eine rege Teilnahme. Immerhin bleiben ja noch fast drei Wochen zum Kramen und Backen.<\/strong><\/p>\n<p><em>Christian Rempel in Zeuthen, den 2.6.2018<\/em><\/p>\n","protected":false},"excerpt":{"rendered":"<p>1. Flohmarkt&nbsp; Es soll nun zum ersten Mal auch in Waltersdorf ein Flohmarkt stattfinden. Das haben sich der F\u00f6rderverein und die Feuerwehrleute von Waltersdorf f\u00fcr den 23. Juni ab 14 Uhr auf die Fahnen geschrieben. Ich bin ja beim F\u00f6rderverein&#8230;<br \/><a class=\"read-more-button\" href=\"https:\/\/www.gedichtladen.de\/blog\/archive\/2902\">Mehr Lesen<\/a><\/p>\n","protected":false},"author":1,"featured_media":0,"comment_status":"open","ping_status":"closed","sticky":false,"template":"","format":"standard","meta":{"footnotes":""},"categories":[12],"tags":[],"class_list":["post-2902","post","type-post","status-publish","format-standard","hentry","category-kolumne"],"_links":{"self":[{"href":"https:\/\/www.gedichtladen.de\/blog\/wp-json\/wp\/v2\/posts\/2902","targetHints":{"allow":["GET"]}}],"collection":[{"href":"https:\/\/www.gedichtladen.de\/blog\/wp-json\/wp\/v2\/posts"}],"about":[{"href":"https:\/\/www.gedichtladen.de\/blog\/wp-json\/wp\/v2\/types\/post"}],"author":[{"embeddable":true,"href":"https:\/\/www.gedichtladen.de\/blog\/wp-json\/wp\/v2\/users\/1"}],"replies":[{"embeddable":true,"href":"https:\/\/www.gedichtladen.de\/blog\/wp-json\/wp\/v2\/comments?post=2902"}],"version-history":[{"count":2,"href":"https:\/\/www.gedichtladen.de\/blog\/wp-json\/wp\/v2\/posts\/2902\/revisions"}],"predecessor-version":[{"id":2904,"href":"https:\/\/www.gedichtladen.de\/blog\/wp-json\/wp\/v2\/posts\/2902\/revisions\/2904"}],"wp:attachment":[{"href":"https:\/\/www.gedichtladen.de\/blog\/wp-json\/wp\/v2\/media?parent=2902"}],"wp:term":[{"taxonomy":"category","embeddable":true,"href":"https:\/\/www.gedichtladen.de\/blog\/wp-json\/wp\/v2\/categories?post=2902"},{"taxonomy":"post_tag","embeddable":true,"href":"https:\/\/www.gedichtladen.de\/blog\/wp-json\/wp\/v2\/tags?post=2902"}],"curies":[{"name":"wp","href":"https:\/\/api.w.org\/{rel}","templated":true}]}}