{"id":2893,"date":"2018-05-27T12:11:45","date_gmt":"2018-05-27T10:11:45","guid":{"rendered":"http:\/\/www.gedichtladen.de\/blog\/?p=2893"},"modified":"2023-12-08T22:59:46","modified_gmt":"2023-12-08T20:59:46","slug":"kolumne-kw-21-2018-infantilisierung","status":"publish","type":"post","link":"https:\/\/www.gedichtladen.de\/blog\/archive\/2893","title":{"rendered":"Kolumne KW 21 2018 &#8222;Infantilisierung&#8220;"},"content":{"rendered":"<p><strong>Infantilisierung<\/strong>&nbsp;<\/p>\n<p>Das Feuilleton gef\u00e4llt sich ja immer mal in Wortsch\u00f6pfungen, als w\u00e4re etwas an Erkenntnis getan, wenn man mal ein Wort kreiert oder aus der Versenkung ins Gegenw\u00e4rtige zieht. So sprach das ND jetzt von der Infantilisierung der Gesellschaft, was so viel hei\u00dft, wie Verkindlichung. Dabei kann man Kindern kaum negative Eigenschaften nachsagen. Dass sie eben noch weniger wissen, gleichen sie oft durch Findigkeit und Neugier aus. Gemeinhin k\u00f6nnte man auch von Verdummung der Gesellschaft sprechen, der vielleicht ein genauerer, wenn auch schlagenderer Begriff ist.<\/p>\n<p><!--more-->Sprach nicht auch Jesus, ihr sollt wie die Kinder werden? Man kann sich jedenfalls von den Kindern einiges abgucken, auch dass sie oft mit viel weniger Wissen dennoch ein sicheres Urteil haben, gerade in moralischen Bez\u00fcgen. Da wird dann viel weniger nachgesehen, als das unter Erwachsenen \u00fcblich ist, aber es gibt auch eine gr\u00f6\u00dfere Begeisterung f\u00fcr Menschen, die einem W\u00e4rme entgegenbringen, manchmal werden sogar die Konsequenten bevorzugt.<\/p>\n<p>\nDieser Prozess der Verkindlichung scheint also gar nicht im Gange, sonst h\u00e4tten wir ob solcher Entdeckung vielleicht sogar Grund zur Freude. Auch mit der Verdummung, die es ja eigentlich eher ist, wenn auch nicht durchg\u00e4ngig, darf man es sich nicht so einfach machen, denn die Dummheit, die wir allzugern gerade bei jungen Leuten beklagen, liegt auf manchen Gebieten eben auch bei den Gebildeten. Es wird dem Rechnung getragen, dass man sich heutzutage fehlende Fakten recht schnell herbeischaffen kann, wenn man sich wirklich mal f\u00fcr eine Sache interessiert und au\u00dferdem gibt es viele neue Gebiete, auf denen man Wissen haben muss, damit man gut damit umgehen kann, wenn man nur an die Computerfertigkeiten denkt.<\/p>\n<p>\nDennoch setzen sich Jugendliche \u00fcber Geb\u00fchr dem Spieltrieb aus und es werden da auch Eigenschaften gez\u00fcchtet, die sie dem allt\u00e4glichen Leben entfremden. Ob da die richtige Antwort ist, eine Industrie 4.0 auszurufen bzw. anzustreben, ist sehr fraglich, denn allzuviele Dinge, die ein Zupacken erfordern w\u00fcrden, bleiben dann einfach liegen und es ist um unsere deutschen Grundwerte wie Ordnung, Disziplin und P\u00fcnktlichkeit getan. Diese Grundwerte wurden vorzugsweise in der Industrialisierung gepr\u00e4gt und waren dort gefordert, gehen aber auch auf noch viel \u00e4ltere deutsche Traditionen zur\u00fcck.<\/p>\n<p>\nVielleicht ist es an der Zeit sich neue Grundwerte zu suchen, aber welche nur?<\/p>\n<p>\n<em>Christian Rempel in Zeuthen, den 26.5.2018<\/em><\/p>\n","protected":false},"excerpt":{"rendered":"<p>Infantilisierung&nbsp; Das Feuilleton gef\u00e4llt sich ja immer mal in Wortsch\u00f6pfungen, als w\u00e4re etwas an Erkenntnis getan, wenn man mal ein Wort kreiert oder aus der Versenkung ins Gegenw\u00e4rtige zieht. So sprach das ND jetzt von der Infantilisierung der Gesellschaft, was&#8230;<br \/><a class=\"read-more-button\" href=\"https:\/\/www.gedichtladen.de\/blog\/archive\/2893\">Mehr Lesen<\/a><\/p>\n","protected":false},"author":1,"featured_media":0,"comment_status":"open","ping_status":"open","sticky":false,"template":"","format":"standard","meta":{"footnotes":""},"categories":[12],"tags":[],"class_list":["post-2893","post","type-post","status-publish","format-standard","hentry","category-kolumne"],"_links":{"self":[{"href":"https:\/\/www.gedichtladen.de\/blog\/wp-json\/wp\/v2\/posts\/2893","targetHints":{"allow":["GET"]}}],"collection":[{"href":"https:\/\/www.gedichtladen.de\/blog\/wp-json\/wp\/v2\/posts"}],"about":[{"href":"https:\/\/www.gedichtladen.de\/blog\/wp-json\/wp\/v2\/types\/post"}],"author":[{"embeddable":true,"href":"https:\/\/www.gedichtladen.de\/blog\/wp-json\/wp\/v2\/users\/1"}],"replies":[{"embeddable":true,"href":"https:\/\/www.gedichtladen.de\/blog\/wp-json\/wp\/v2\/comments?post=2893"}],"version-history":[{"count":2,"href":"https:\/\/www.gedichtladen.de\/blog\/wp-json\/wp\/v2\/posts\/2893\/revisions"}],"predecessor-version":[{"id":2896,"href":"https:\/\/www.gedichtladen.de\/blog\/wp-json\/wp\/v2\/posts\/2893\/revisions\/2896"}],"wp:attachment":[{"href":"https:\/\/www.gedichtladen.de\/blog\/wp-json\/wp\/v2\/media?parent=2893"}],"wp:term":[{"taxonomy":"category","embeddable":true,"href":"https:\/\/www.gedichtladen.de\/blog\/wp-json\/wp\/v2\/categories?post=2893"},{"taxonomy":"post_tag","embeddable":true,"href":"https:\/\/www.gedichtladen.de\/blog\/wp-json\/wp\/v2\/tags?post=2893"}],"curies":[{"name":"wp","href":"https:\/\/api.w.org\/{rel}","templated":true}]}}