{"id":2887,"date":"2018-05-21T17:10:20","date_gmt":"2018-05-21T15:10:20","guid":{"rendered":"http:\/\/www.gedichtladen.de\/blog\/?p=2887"},"modified":"2023-12-08T22:59:46","modified_gmt":"2023-12-08T20:59:46","slug":"kolumne-kw-20-2018-pfingsten","status":"publish","type":"post","link":"https:\/\/www.gedichtladen.de\/blog\/archive\/2887","title":{"rendered":"Kolumne KW 20 2018 &#8222;Pfingsten&#8220;"},"content":{"rendered":"<p><strong>Pfingsten<\/strong>&nbsp;<\/p>\n<p>Viele wissen ja gar nicht mehr, worum es sich bei diesem Fest handelt und wird selten noch so begangen. Der Heilige Geist soll sich ergossen haben und die J\u00fcnger, die Jesus mit seiner Himmelfahrt, also am Vatertag verlassen hatte, konnten pl\u00f6tzlich in allen Sprachen sprechen. Immerhin ist das Wetter wirklich nach einem Festtag und gutes Essen gibt es allemal.<\/p>\n<p><!--more-->F\u00fcr mich ist es ein Tag, Mitleid zu haben, wieder mal mit einem Literaten und mit mir selbst. Werner Br\u00e4unig, der jung verstorbene, der alkoholkranke Autor, hatte ein einziges Buch verfasst (Rummelplatz) und wollte doch so etwas wie ein Vorbild sein als ein schreibender Arbeiter, dabei legen wir heute weder auf das Schreiben noch auf das Proletentum wert, das hat sich einfach \u00fcberholt, und wo Schwei\u00df und nicht selten auch Blut geflossen war, legt sich heute der Schein der Sinnlosigkeit auf solche Bestrebungen, der Kampf scheint \u00fcberfl\u00fcssig, alles regelte sich zu einer ungef\u00e4hren Zufriedenheit.<\/p>\n<p>\nWie hart in den ersten Jahren der DDR gearbeitet wurde, das zeigt Br\u00e4unig anhand der Wismut, die den sowjetischen Atomhunger stillte und zum Gleichgewicht des Schreckens beitrug, und anhand einer Papierfabrik, die mit den \u00fcblichen Materialproble\u00admen und zus\u00e4tzlich mit Repu\u00adblik\u00adflucht und Dirigismus zu tun hatte. Das alles kann man nachlesen bei Br\u00e4unig, aber wirklich gelungen scheint mir nur die Darstellung einer wunderbaren Liebesbeziehung zwischen zwei jungen Menschen, die beide noch keine vorher eingegangen waren, es war deren erste und tiefe Liebe, wie man sie selbst gern mal erleben w\u00fcrde (daher das Selbstmitleid). Trotzdem war auch diese nicht ewig, zerbrach an dem schlichten Auffassungsunterschied, ob es richtig ist, sich aus der konkreten Arbeit zur\u00fcckzuziehen und Funktion\u00e4rin zu werden, was sie strikt ablehnte und er aber f\u00fcr billig hielt.<\/p>\n<p>\nWenn so etwas kaputtgeht, ist man wahrscheinlich f\u00fcrs Leben gesch\u00e4digt. G\u00f6nnte er den beiden ihr Gl\u00fcck etwa nicht? Wollte er sie sich nicht sogar heiraten lassen und dann eine Scheidung inszenieren?<\/p>\n<p>\nMan kann sich vielleicht ausdenken, was man will, Hauptsache keine Traumfabrik. Dennoch glaube ich daran, dass es so etwas gibt, wie die ewige und unbedingte Liebe.<\/p>\n<p>\n<em>Christian Rempel in Zeuthen, den 21.5.2018<\/em><\/p>\n","protected":false},"excerpt":{"rendered":"<p>Pfingsten&nbsp; Viele wissen ja gar nicht mehr, worum es sich bei diesem Fest handelt und wird selten noch so begangen. Der Heilige Geist soll sich ergossen haben und die J\u00fcnger, die Jesus mit seiner Himmelfahrt, also am Vatertag verlassen hatte,&#8230;<br \/><a class=\"read-more-button\" href=\"https:\/\/www.gedichtladen.de\/blog\/archive\/2887\">Mehr Lesen<\/a><\/p>\n","protected":false},"author":1,"featured_media":0,"comment_status":"open","ping_status":"open","sticky":false,"template":"","format":"standard","meta":{"footnotes":""},"categories":[12],"tags":[],"class_list":["post-2887","post","type-post","status-publish","format-standard","hentry","category-kolumne"],"_links":{"self":[{"href":"https:\/\/www.gedichtladen.de\/blog\/wp-json\/wp\/v2\/posts\/2887","targetHints":{"allow":["GET"]}}],"collection":[{"href":"https:\/\/www.gedichtladen.de\/blog\/wp-json\/wp\/v2\/posts"}],"about":[{"href":"https:\/\/www.gedichtladen.de\/blog\/wp-json\/wp\/v2\/types\/post"}],"author":[{"embeddable":true,"href":"https:\/\/www.gedichtladen.de\/blog\/wp-json\/wp\/v2\/users\/1"}],"replies":[{"embeddable":true,"href":"https:\/\/www.gedichtladen.de\/blog\/wp-json\/wp\/v2\/comments?post=2887"}],"version-history":[{"count":3,"href":"https:\/\/www.gedichtladen.de\/blog\/wp-json\/wp\/v2\/posts\/2887\/revisions"}],"predecessor-version":[{"id":2890,"href":"https:\/\/www.gedichtladen.de\/blog\/wp-json\/wp\/v2\/posts\/2887\/revisions\/2890"}],"wp:attachment":[{"href":"https:\/\/www.gedichtladen.de\/blog\/wp-json\/wp\/v2\/media?parent=2887"}],"wp:term":[{"taxonomy":"category","embeddable":true,"href":"https:\/\/www.gedichtladen.de\/blog\/wp-json\/wp\/v2\/categories?post=2887"},{"taxonomy":"post_tag","embeddable":true,"href":"https:\/\/www.gedichtladen.de\/blog\/wp-json\/wp\/v2\/tags?post=2887"}],"curies":[{"name":"wp","href":"https:\/\/api.w.org\/{rel}","templated":true}]}}