{"id":2860,"date":"2018-04-15T12:17:28","date_gmt":"2018-04-15T10:17:28","guid":{"rendered":"http:\/\/www.gedichtladen.de\/blog\/?p=2860"},"modified":"2023-12-08T22:59:46","modified_gmt":"2023-12-08T20:59:46","slug":"kolumne-kw-15-2018-jahrzehnteblackout","status":"publish","type":"post","link":"https:\/\/www.gedichtladen.de\/blog\/archive\/2860","title":{"rendered":"Kolumne KW 15 2018 &#8222;Jahrzehnteblackout&#8220;"},"content":{"rendered":"<p><strong>Jahrzehnteblackout<\/strong>&nbsp;<\/p>\n<p>Mein 91j\u00e4hriger Vater rechnet gern nach. So sagte er letztens, dass er schon 62 Jahre in unserem Haus wohne. Ich widersprach und sagte, das k\u00f6nne nicht sein, da ich doch erst mit drei Jahren hierhergezogen bin. Ich hatte auch gerechnet und mir dabei fest eingebildet, dass ich gerade 60 geworden bin. Somit k\u00f6nnte mein Vater erst 57 Jahre in unserem Haus wohnen. Kann es sein, dass man sich im eigenen Alter irrt? Ja, bei mir kann das vorkommen, wie mir im Stress auch andere Irrt\u00fcmer unterlaufen.<\/p>\n<p><!--more-->Das ist nun die Zeit, wo es allgemein sehr ruhig wird. Man macht nicht mehr alles allein, sondern sieht zu, dass man es machen lassen kann, und dabei werden manchmal ganz sch\u00f6ne Preise aufgerufen. Statt sich stundenweise abzum\u00fchen, erfinden G\u00e4rtner Objektl\u00f6hne, wo es bei einem Zierbaum schon mal effektiver sein kann, ihn unten abzus\u00e4gen als ihn fachgerecht frisieren zu lassen und das wom\u00f6glich jedes Jahr. Die Schneebeseitigung, die es in der letzten Saison nun gar nicht gab, l\u00e4sst man sich auch pauschal verg\u00fcten und ruft dabei stolze Summen auf.<\/p>\n<p>\nMan kann dar\u00fcber nachdenken, in welchem Kurs die Handarbeit \u00fcberhaupt noch steht, denn der vielberufene Trend geht angeblich zur Digitalisierung. Gerade im h\u00e4uslichen Bereich helfen einem die Bits aber nicht viel weiter. Man kann zwar seine Kaffeemaschine per Telefon einschalten, aber falls es da zur Sauerei kommt, weil keine Tasse drunterstand, muss man dann doch zum g\u00e4nzlich undigitalen Scheuerlappen greifen. K\u00f6nnte es in naher Zukunft nicht so sein, dass diese Scheuerlappen, die Rohrzange und die Heckenschere wichtiger werden als alle Bits und Bitcoins der Welt? Orientieren wir unsere Kinder richtig, wenn sie auf den Bildschirmen Blut flie\u00dfen lassen, das freilich keiner aufwischen muss, steht nicht die ganze Intellektualit\u00e4t und Verwissenschaftlichung schon l\u00e4ngst dringend in Frage?<\/p>\n<p>\nAuch bei den vermeintlich einfachen T\u00e4tigkeiten ist \u00dcberlegung notwendig und nicht zuletzt dann Tatkraft. Eine Maschine kennt in der Regel keine Faulheit. Sie richtet nicht selten auch g\u00e4nzlich unsinnige Sch\u00e4den an. Eine sorgsame Hand bringt ungleich mehr Ansprechendes hervor und ein schlichtes Gem\u00fct kann f\u00fcr mehr Sch\u00f6nheit sorgen als jede saugrobo\u00adtergerechte Einrichtung, ganz abgesehen davon, dass es bis heute nicht gelungen ist, etwas Vern\u00fcnftiges dem T\u00e4tigsein gegen\u00fcberzustellen.<\/p>\n<p>\nAlso besinnen wir uns auf der H\u00e4nde Arbeit.<\/p>\n<p>\n<em>Christian Rempel in Zeuthen, den 14.4.2018<\/em><\/p>\n","protected":false},"excerpt":{"rendered":"<p>Jahrzehnteblackout&nbsp; Mein 91j\u00e4hriger Vater rechnet gern nach. So sagte er letztens, dass er schon 62 Jahre in unserem Haus wohne. Ich widersprach und sagte, das k\u00f6nne nicht sein, da ich doch erst mit drei Jahren hierhergezogen bin. Ich hatte auch&#8230;<br \/><a class=\"read-more-button\" href=\"https:\/\/www.gedichtladen.de\/blog\/archive\/2860\">Mehr Lesen<\/a><\/p>\n","protected":false},"author":1,"featured_media":0,"comment_status":"open","ping_status":"open","sticky":false,"template":"","format":"standard","meta":{"footnotes":""},"categories":[12],"tags":[],"class_list":["post-2860","post","type-post","status-publish","format-standard","hentry","category-kolumne"],"_links":{"self":[{"href":"https:\/\/www.gedichtladen.de\/blog\/wp-json\/wp\/v2\/posts\/2860","targetHints":{"allow":["GET"]}}],"collection":[{"href":"https:\/\/www.gedichtladen.de\/blog\/wp-json\/wp\/v2\/posts"}],"about":[{"href":"https:\/\/www.gedichtladen.de\/blog\/wp-json\/wp\/v2\/types\/post"}],"author":[{"embeddable":true,"href":"https:\/\/www.gedichtladen.de\/blog\/wp-json\/wp\/v2\/users\/1"}],"replies":[{"embeddable":true,"href":"https:\/\/www.gedichtladen.de\/blog\/wp-json\/wp\/v2\/comments?post=2860"}],"version-history":[{"count":2,"href":"https:\/\/www.gedichtladen.de\/blog\/wp-json\/wp\/v2\/posts\/2860\/revisions"}],"predecessor-version":[{"id":2863,"href":"https:\/\/www.gedichtladen.de\/blog\/wp-json\/wp\/v2\/posts\/2860\/revisions\/2863"}],"wp:attachment":[{"href":"https:\/\/www.gedichtladen.de\/blog\/wp-json\/wp\/v2\/media?parent=2860"}],"wp:term":[{"taxonomy":"category","embeddable":true,"href":"https:\/\/www.gedichtladen.de\/blog\/wp-json\/wp\/v2\/categories?post=2860"},{"taxonomy":"post_tag","embeddable":true,"href":"https:\/\/www.gedichtladen.de\/blog\/wp-json\/wp\/v2\/tags?post=2860"}],"curies":[{"name":"wp","href":"https:\/\/api.w.org\/{rel}","templated":true}]}}