{"id":2853,"date":"2018-03-26T11:58:04","date_gmt":"2018-03-26T09:58:04","guid":{"rendered":"http:\/\/www.gedichtladen.de\/blog\/?p=2853"},"modified":"2023-12-08T22:59:46","modified_gmt":"2023-12-08T20:59:46","slug":"kolumne-kw-12-2018-der-fruehling-ist-da","status":"publish","type":"post","link":"https:\/\/www.gedichtladen.de\/blog\/archive\/2853","title":{"rendered":"Kolumne KW 12 2018 &#8222;Der Fr\u00fchling ist da&#8220;"},"content":{"rendered":"<p><strong>Der Fr\u00fchling ist da<\/strong>&nbsp;<\/p>\n<p>Reifbedeckte D\u00e4cher z\u00e4hlen immer noch zum morgendlichen Bild der Siedlungen, aber die Sonne hat schon die Kraft, das den Tag \u00fcber auszugleichen, gerade wenn sie so scheint wie heute. Wir m\u00fcssen nun zwar eine Stunde fr\u00fcher aufstehen und man hat sein Bewerbchen mit all den Uhren im Haus, aber die Europaabgeordneten machen uns ja vielleicht zu ersten Mal eine Freude, da sie doch, als es nat\u00fcrlich schon zu sp\u00e4t war, \u00fcber die Sommerzeit zu debattieren begannen. Gef\u00fchlt ist das ja eine unn\u00f6tige Unbequemlichkeit, seinen Rhythmus um eine Stunde nach vorn zu verlegen. Morgens kommt man nicht aus den Federn und abends kann man nicht einschlafen.<\/p>\n<p>\nDas Problem der letzten Woche hat sich erst mal gel\u00f6st, daf\u00fcr gibt es ein neues. Eigentlich besteht ja die ganze Wissenschaft aus Problemen, die praktisch nur \u00e4u\u00dferst selten gel\u00f6st werden, sondern meistens in die Irre f\u00fchren.<\/p>\n<p>\nDer F\u00f6rderverein der Feuerwehr Waltersdorf hat wieder etwas Zuwachs bekommen. Bei der Hauptversammlung waren sogar zwei Kinder, sodass es Abstimmungsergebnisse so um die 120% gegeben hat, denn die Kids lie\u00dfen es sich nicht nehmen, auch den Arm hochzurecken, wenn das die Erwachsenen taten.<\/p>\n<p>\nDie Vorhaben des F\u00f6rdervereins sind so, dass man sich in der allgemeinen Feierwut von den \u00fcblichen Events etwas fernhalten m\u00f6chte. Statt eines Osterfeuers lieber ein Familienfest, wenn es schon etwas w\u00e4rmer ist, statt des Herbstfeuers ein Hexentanz, den man auch schon im September ansiedeln kann, wenn es noch etwas w\u00e4rmer ist. Familienfreundliche Tageszeiten geh\u00f6ren auch zu dem neuen Programm, das sich der im Wesentlichen unver\u00e4nderte Vorstand auf die Fahnen geschrieben hat.<\/p>\n<p>\nDann trinken Sie mal morgens eine Tasse Kaffee mehr, am besten vor dem Aufstehen und abends tuts vielleicht die Schlaftablette, solange unsere Herren und Damen Abgeordneten noch alles aufs Gr\u00fcndlichste erw\u00e4gen.<\/p>\n<p>\n<em>Christian Rempel in Zeuthen, den 25.3.2018<\/em><\/p>\n","protected":false},"excerpt":{"rendered":"<p>Der Fr\u00fchling ist da&nbsp; Reifbedeckte D\u00e4cher z\u00e4hlen immer noch zum morgendlichen Bild der Siedlungen, aber die Sonne hat schon die Kraft, das den Tag \u00fcber auszugleichen, gerade wenn sie so scheint wie heute. Wir m\u00fcssen nun zwar eine Stunde fr\u00fcher&#8230;<br \/><a class=\"read-more-button\" href=\"https:\/\/www.gedichtladen.de\/blog\/archive\/2853\">Mehr Lesen<\/a><\/p>\n","protected":false},"author":1,"featured_media":0,"comment_status":"open","ping_status":"open","sticky":false,"template":"","format":"standard","meta":{"footnotes":""},"categories":[12],"tags":[],"class_list":["post-2853","post","type-post","status-publish","format-standard","hentry","category-kolumne"],"_links":{"self":[{"href":"https:\/\/www.gedichtladen.de\/blog\/wp-json\/wp\/v2\/posts\/2853","targetHints":{"allow":["GET"]}}],"collection":[{"href":"https:\/\/www.gedichtladen.de\/blog\/wp-json\/wp\/v2\/posts"}],"about":[{"href":"https:\/\/www.gedichtladen.de\/blog\/wp-json\/wp\/v2\/types\/post"}],"author":[{"embeddable":true,"href":"https:\/\/www.gedichtladen.de\/blog\/wp-json\/wp\/v2\/users\/1"}],"replies":[{"embeddable":true,"href":"https:\/\/www.gedichtladen.de\/blog\/wp-json\/wp\/v2\/comments?post=2853"}],"version-history":[{"count":2,"href":"https:\/\/www.gedichtladen.de\/blog\/wp-json\/wp\/v2\/posts\/2853\/revisions"}],"predecessor-version":[{"id":2855,"href":"https:\/\/www.gedichtladen.de\/blog\/wp-json\/wp\/v2\/posts\/2853\/revisions\/2855"}],"wp:attachment":[{"href":"https:\/\/www.gedichtladen.de\/blog\/wp-json\/wp\/v2\/media?parent=2853"}],"wp:term":[{"taxonomy":"category","embeddable":true,"href":"https:\/\/www.gedichtladen.de\/blog\/wp-json\/wp\/v2\/categories?post=2853"},{"taxonomy":"post_tag","embeddable":true,"href":"https:\/\/www.gedichtladen.de\/blog\/wp-json\/wp\/v2\/tags?post=2853"}],"curies":[{"name":"wp","href":"https:\/\/api.w.org\/{rel}","templated":true}]}}