{"id":2849,"date":"2018-03-18T18:01:32","date_gmt":"2018-03-18T16:01:32","guid":{"rendered":"http:\/\/www.gedichtladen.de\/blog\/?p=2849"},"modified":"2023-12-08T22:59:46","modified_gmt":"2023-12-08T20:59:46","slug":"kolumne-kw-11-2018-unerwartete-schwierigkeiten","status":"publish","type":"post","link":"https:\/\/www.gedichtladen.de\/blog\/archive\/2849","title":{"rendered":"Kolumne KW 11 2018 &#8222;Unerwartete Schwierigkeiten&#8220;"},"content":{"rendered":"<p><strong>Unerwartete Schwierigkeiten<\/strong>&nbsp;<\/p>\n<p>Der Weg zur Weltspitze sollte nun ein kleines Ger\u00e4t zeitigen, das den BrainLike Daumen steuert und dazu noch ein paar LEDs, die verschiedene Zust\u00e4nde anzeigen. Nun ist der kleine Arduino Nano aber voll mit dem Rechnen besch\u00e4ftigt, und wenn er dazu noch ein Servo steuern soll, ist er \u00fcberfordert. Wir hatten die Schaltung eigentlich schon fertig und es sollte eine Leiterplatte hergestellt werden, aber gl\u00fccklicherweise habe ich alles am Freitagnachmittag noch einmal ausprobiert, wobei sich eben zeigte, dass der Arduino \u00fcberfordert ist. Also schnell die Notbremse gezogen und die Arbeiten gestoppt.<\/p>\n<p><!--more-->Die Idee war nun, einen zweiten Arduino zu verwenden, wobei der eine sich mit den einlaufenden Daten besch\u00e4ftigt und als Ergebnis ausgibt, wie viele Blinzler in kurzer Zeit erfolgt waren. Dabei musste auch noch das Problem gel\u00f6st werden, dass der Daten-Arduino, der die Blinzler immer mitgez\u00e4hlt hat, er aber nur den Endwert \u00fcbermitteln sollte. Als Bedingung kann man dazu nutzen, wenn man ermittelt, wann es eine l\u00e4ngere Pause zwischen den Blinzlern gibt, der Wert also als g\u00fcltig angesehen werden kann.<\/p>\n<p>\nEigentlich war von mir eine Fahrt zur Leipziger Buchmesse geplant, und als ich mit den Sachen nicht fertig wurde, habe ich kurzerhand alles eingepackt, einschlie\u00dflich eines Laptops und habe alles mitgeschleppt. Doch die Bahn hatte mit dem Winter schon abgeschlossen, der sich aber in Leipzig noch einmal von seiner rauen Seite zeigte, und so lie\u00df man uns in Wittenberg drei Stunden stehen, bis man dann die R\u00fcckreise empfahl.<\/p>\n<p>Zu Hause angekommen, wo sich meine Geschwister um den Vater k\u00fcmmern wollten, habe ich mich gleich wieder an die Schaltung gemacht. Sie sollte nun mit aller Peripherie auf Steckbrettern getestet werden, was dann auch nach wenigen Stunden gelungen ist.<\/p>\n<p>\nDer Weg zur Weltspitze ist also ein steiniger und man ist gegen R\u00fcckschl\u00e4ge nicht gefeit. Der Schaltplan war dann aber noch am gleichen Abend korrigiert und heute Vormittag entstand er als Fritzing Dokument. So kann das Projekt bald in der Community geteilt werden.<\/p>\n<p>\n<em>Christian Rempel in Zeuthen, den 18.3.2018<\/em><\/p>\n","protected":false},"excerpt":{"rendered":"<p>Unerwartete Schwierigkeiten&nbsp; Der Weg zur Weltspitze sollte nun ein kleines Ger\u00e4t zeitigen, das den BrainLike Daumen steuert und dazu noch ein paar LEDs, die verschiedene Zust\u00e4nde anzeigen. Nun ist der kleine Arduino Nano aber voll mit dem Rechnen besch\u00e4ftigt, und&#8230;<br \/><a class=\"read-more-button\" href=\"https:\/\/www.gedichtladen.de\/blog\/archive\/2849\">Mehr Lesen<\/a><\/p>\n","protected":false},"author":1,"featured_media":0,"comment_status":"open","ping_status":"open","sticky":false,"template":"","format":"standard","meta":{"footnotes":""},"categories":[12],"tags":[],"class_list":["post-2849","post","type-post","status-publish","format-standard","hentry","category-kolumne"],"_links":{"self":[{"href":"https:\/\/www.gedichtladen.de\/blog\/wp-json\/wp\/v2\/posts\/2849","targetHints":{"allow":["GET"]}}],"collection":[{"href":"https:\/\/www.gedichtladen.de\/blog\/wp-json\/wp\/v2\/posts"}],"about":[{"href":"https:\/\/www.gedichtladen.de\/blog\/wp-json\/wp\/v2\/types\/post"}],"author":[{"embeddable":true,"href":"https:\/\/www.gedichtladen.de\/blog\/wp-json\/wp\/v2\/users\/1"}],"replies":[{"embeddable":true,"href":"https:\/\/www.gedichtladen.de\/blog\/wp-json\/wp\/v2\/comments?post=2849"}],"version-history":[{"count":2,"href":"https:\/\/www.gedichtladen.de\/blog\/wp-json\/wp\/v2\/posts\/2849\/revisions"}],"predecessor-version":[{"id":2851,"href":"https:\/\/www.gedichtladen.de\/blog\/wp-json\/wp\/v2\/posts\/2849\/revisions\/2851"}],"wp:attachment":[{"href":"https:\/\/www.gedichtladen.de\/blog\/wp-json\/wp\/v2\/media?parent=2849"}],"wp:term":[{"taxonomy":"category","embeddable":true,"href":"https:\/\/www.gedichtladen.de\/blog\/wp-json\/wp\/v2\/categories?post=2849"},{"taxonomy":"post_tag","embeddable":true,"href":"https:\/\/www.gedichtladen.de\/blog\/wp-json\/wp\/v2\/tags?post=2849"}],"curies":[{"name":"wp","href":"https:\/\/api.w.org\/{rel}","templated":true}]}}