{"id":2821,"date":"2018-02-04T12:42:38","date_gmt":"2018-02-04T10:42:38","guid":{"rendered":"http:\/\/www.gedichtladen.de\/blog\/?p=2821"},"modified":"2023-12-08T22:59:46","modified_gmt":"2023-12-08T20:59:46","slug":"kolumne-kw-05-2018-hartmut-koenig","status":"publish","type":"post","link":"https:\/\/www.gedichtladen.de\/blog\/archive\/2821","title":{"rendered":"Kolumne KW 05 2018 &#8222;Hartmut K\u00f6nig&#8220;"},"content":{"rendered":"<p><strong>Hartmut K\u00f6nig<\/strong>&nbsp;<\/p>\n<p>Wer erinnert sich noch an Hartmut K\u00f6nig, der nach 28 Jahren Schweigen jetzt seine Erinnerungen herausgebracht hat, als Siebzigj\u00e4hriger, und das Buch ist eine wahre Fundgrube versch\u00fctteten Wissens, weil n\u00e4mlich auf ganzen 539 Seiten die Rede von 42j\u00e4hriger Geschichte im Osten Deutschlands die Rede ist, also auch von der ganzen DDR Geschichte. Die letzten 28 bewegten Jahre unter dem bleiernen Regime des wohl als bew\u00e4hrt anzusehenden Kapitalismus sind ihm gerade mal 5 Seiten wert.<\/p>\n<p><!--more-->Hartmut K\u00f6nig stammt aus einfachen Verh\u00e4ltnissen. Vaterlos aufgewachsen, durch Mutter und Gro\u00dfmutter verw\u00f6hnt, tut er seine ersten Schritte in Ost und West. Er ist Altersgef\u00e4hrte des Thomas Natschinski, denn die Musikerfamilie zieht ins selbe Haus in der Sch\u00f6nhauser. Sp\u00e4ter wird er nach ersten musikalischen Versuchen mit Thomas dann den Oktoberclub mitbegr\u00fcnden, der eine ganze Welle in der DDR ausl\u00f6sen wird, n\u00e4mlich die FDJ Singebewegung, die eine gro\u00dfe Breitenwirksamkeit erreicht, viele internationale Lieder aufgreift und mit geringem technischen Aufwand auskommt. K\u00f6nig konstatiert noch heute, dass er selbst Staatssekret\u00e4re in tiefen Nachwendezeiten getroffen habe, die sich als davon beeinflusst zeigten.<\/p>\n<p>\nDass diese sch\u00f6pferische Bet\u00e4tigung als wichtiger anzusehen w\u00e4re, als der ganze Funktion\u00e4rsschei\u00df, in den er sich in katapultartigem Aufstieg begibt, geh\u00f6rt nicht zu einer klaren Lebensbilanz, die man mit 70 h\u00e4tte erwarten k\u00f6nnen.<\/p>\n<p>\nImmerhin kann er doch nicht nur texten, sondern auch ganz gut schreiben und liefert nach einem etwas ausufernden Bild von allen bereisten L\u00e4ndern, die damals durch die DDR unterst\u00fctzt wurden oder gute Beziehungen zu ihr hatten, noch ein Wendebild aus der Machtsicht, zu der er sich ja, auch wenn er ewiger Nachwuchsmann bleibt, doch zu z\u00e4hlen hat. Dass es ganz ohne Macht nicht geht, wei\u00df wohl jeder, inzwischen wohl auch, dass es dabei immer Geprellte gibt. Man kann Politik nur immer in ihrer Zeit verstehen, und die Zeiten waren eben vor drei\u00dfig oder gar 70 Jahren andere. Behutsamkeit hat in der Politik noch nicht Fu\u00df gefasst, dort hei\u00dft sie Orientierungslosigkeit, Verlust von Visionen und Charisma.<\/p>\n<p>\nDabei w\u00e4re die Poesie durchaus ein solcher Ausweg, wie die Chinesen schon vor tausend Jahren wussten und ihren angehenden Beamten Gedichteschreiben nach k\u00fcnstleri\u00adschen Ma\u00dfst\u00e4ben auftrugen.<\/p>\n<p>\nDer heutige Politiker ist ja immerhin auch ein Wort- und Wendungsfinder, aber dazu muss man sich keine ganze Rede mehr anh\u00f6ren, es reichen diese Extrakte, die brav herausgefischt werden.<\/p>\n<p>\nManchmal lohnt es sich zwar noch, aber wie selten ist das.<\/p>\n<p>\n<em>Christian Rempel in Zeuthen, den 22.1.2018<\/em><\/p>\n","protected":false},"excerpt":{"rendered":"<p>Hartmut K\u00f6nig&nbsp; Wer erinnert sich noch an Hartmut K\u00f6nig, der nach 28 Jahren Schweigen jetzt seine Erinnerungen herausgebracht hat, als Siebzigj\u00e4hriger, und das Buch ist eine wahre Fundgrube versch\u00fctteten Wissens, weil n\u00e4mlich auf ganzen 539 Seiten die Rede von 42j\u00e4hriger&#8230;<br \/><a class=\"read-more-button\" href=\"https:\/\/www.gedichtladen.de\/blog\/archive\/2821\">Mehr Lesen<\/a><\/p>\n","protected":false},"author":1,"featured_media":0,"comment_status":"open","ping_status":"open","sticky":false,"template":"","format":"standard","meta":{"footnotes":""},"categories":[12],"tags":[],"class_list":["post-2821","post","type-post","status-publish","format-standard","hentry","category-kolumne"],"_links":{"self":[{"href":"https:\/\/www.gedichtladen.de\/blog\/wp-json\/wp\/v2\/posts\/2821","targetHints":{"allow":["GET"]}}],"collection":[{"href":"https:\/\/www.gedichtladen.de\/blog\/wp-json\/wp\/v2\/posts"}],"about":[{"href":"https:\/\/www.gedichtladen.de\/blog\/wp-json\/wp\/v2\/types\/post"}],"author":[{"embeddable":true,"href":"https:\/\/www.gedichtladen.de\/blog\/wp-json\/wp\/v2\/users\/1"}],"replies":[{"embeddable":true,"href":"https:\/\/www.gedichtladen.de\/blog\/wp-json\/wp\/v2\/comments?post=2821"}],"version-history":[{"count":2,"href":"https:\/\/www.gedichtladen.de\/blog\/wp-json\/wp\/v2\/posts\/2821\/revisions"}],"predecessor-version":[{"id":2823,"href":"https:\/\/www.gedichtladen.de\/blog\/wp-json\/wp\/v2\/posts\/2821\/revisions\/2823"}],"wp:attachment":[{"href":"https:\/\/www.gedichtladen.de\/blog\/wp-json\/wp\/v2\/media?parent=2821"}],"wp:term":[{"taxonomy":"category","embeddable":true,"href":"https:\/\/www.gedichtladen.de\/blog\/wp-json\/wp\/v2\/categories?post=2821"},{"taxonomy":"post_tag","embeddable":true,"href":"https:\/\/www.gedichtladen.de\/blog\/wp-json\/wp\/v2\/tags?post=2821"}],"curies":[{"name":"wp","href":"https:\/\/api.w.org\/{rel}","templated":true}]}}