{"id":2811,"date":"2018-01-21T22:48:52","date_gmt":"2018-01-21T20:48:52","guid":{"rendered":"http:\/\/www.gedichtladen.de\/blog\/?p=2811"},"modified":"2023-12-08T22:59:46","modified_gmt":"2023-12-08T20:59:46","slug":"kolumne-kw-03-2018-tag-der-offenen-tuer","status":"publish","type":"post","link":"https:\/\/www.gedichtladen.de\/blog\/archive\/2811","title":{"rendered":"Kolumne KW 03 2018 &#8222;Tag der offenen T\u00fcr&#8220;"},"content":{"rendered":"<p><strong>Tag der offenen T\u00fcr<\/strong>&nbsp;<\/p>\n<p>Seit neun Uhr bereiten wir die Show vor, die dann gegen zehn \u00fcber die B\u00fchne geht. Unsere B\u00fchne ist das Sch\u00fclerforschungs\u00adzentrum (SFZ) das beim Tag der offenen T\u00fcr der Paula etwas versteckt liegt, wir uns aber dennoch nicht \u00fcber Zustrom beklagen k\u00f6nnen, der noch zunimmt, als wir einen Aufsteller mit Pfeil postieren.<\/p>\n<p><!--more-->Wir haben so ca. 6 Experimente vorbereitet, davon haben 4 mit den Arduinos, den phantas\u00adtischen Mikrocontrollern, zu tun. Eins ist zum Mitmachen geeignet und erlaubt die Zuckerbestim\u00admung in Getr\u00e4nken aller Art, ganz ohne Digitalisierung. Man sieht einfach durch so ein Wunderrohr, das sich Refrakto\u00admeter nennt und kann den Messwert sofort ablesen. Das ist auch f\u00fcr uns eine Erholung, wo wir uns doch ansonsten mit nichterkannten USB- und Blue\u00adtooth Ger\u00e4ten herumzu\u00adschlagen haben.<\/p>\n<p>Die M\u00fctter und V\u00e4ter sind meistens mehr angetan als die Filiusse, die die Sachen eher skeptisch be\u00e4ugen, wenn sie nicht in erfrischenden Gruppen sich auf die Exponate st\u00fcrzen, die diesem Ansturm dann nur widerwillig nachgeben, denn bis auf das Refraktometer funktio\u00adnieren sie ja nicht immer.<\/p>\n<p>\nSind das nun die Helikoptereltern als ein Teil des Schulproblems, die eigentlich f\u00fcr ihre Kinder entscheiden, was gut f\u00fcr sie sein sollte? Der gesunde Egoismus, gerade f\u00fcr sein eigenes Kind den besten Bildungsweg zum Abitur zu ebnen, ist nicht zu schelten, denn wer sollte es besser wissen. Nichts ist dazu angetan, diese in Zweifel zu ziehende Orientierung in Frage zu stellen. Die Schulen wollen m\u00f6glichst viele Sch\u00fcler, die Unis m\u00f6glichst viele Studen\u00adten, alles zielt auf Wachstum und maximale Reputation. Das zu hinterfragen, ist nirgends ange\u00adkom\u00admen, nur in den hintersten Winkeln der Dichterherzen, die hinter die grandiose Show sehen, wo das Bild vermittelt wird, als sei Schule ein einziges spa\u00dfma\u00adchendes Abenteuer, bei dem dann automatisch die h\u00f6chsten Ehren winken.<\/p>\n<p>\nDie Sch\u00fcler haben sich dann aber durch ein Pensum von t\u00e4glich acht oder neun Schulstunden zu qu\u00e4len und fallen, danach im SFZ angekommen, fast von den St\u00fchlen oder befriedigen ihr Defizit an Bl\u00f6dsinn.<\/p>\n<p>\nKein Lehrer ist da dabei und an aktiven Sch\u00fclern k\u00f6nnen wir gerade mal vier aufbieten. Ein utopisches Unterfangen, und was gibt man schon noch auf das Wort Utopie.<\/p>\n<p>\n<em>Christian Rempel in Zeuthen, den 21.1.2018<\/em><\/p>\n","protected":false},"excerpt":{"rendered":"<p>Tag der offenen T\u00fcr&nbsp; Seit neun Uhr bereiten wir die Show vor, die dann gegen zehn \u00fcber die B\u00fchne geht. Unsere B\u00fchne ist das Sch\u00fclerforschungs\u00adzentrum (SFZ) das beim Tag der offenen T\u00fcr der Paula etwas versteckt liegt, wir uns aber&#8230;<br \/><a class=\"read-more-button\" href=\"https:\/\/www.gedichtladen.de\/blog\/archive\/2811\">Mehr Lesen<\/a><\/p>\n","protected":false},"author":1,"featured_media":0,"comment_status":"open","ping_status":"open","sticky":false,"template":"","format":"standard","meta":{"footnotes":""},"categories":[12],"tags":[],"class_list":["post-2811","post","type-post","status-publish","format-standard","hentry","category-kolumne"],"_links":{"self":[{"href":"https:\/\/www.gedichtladen.de\/blog\/wp-json\/wp\/v2\/posts\/2811","targetHints":{"allow":["GET"]}}],"collection":[{"href":"https:\/\/www.gedichtladen.de\/blog\/wp-json\/wp\/v2\/posts"}],"about":[{"href":"https:\/\/www.gedichtladen.de\/blog\/wp-json\/wp\/v2\/types\/post"}],"author":[{"embeddable":true,"href":"https:\/\/www.gedichtladen.de\/blog\/wp-json\/wp\/v2\/users\/1"}],"replies":[{"embeddable":true,"href":"https:\/\/www.gedichtladen.de\/blog\/wp-json\/wp\/v2\/comments?post=2811"}],"version-history":[{"count":2,"href":"https:\/\/www.gedichtladen.de\/blog\/wp-json\/wp\/v2\/posts\/2811\/revisions"}],"predecessor-version":[{"id":2813,"href":"https:\/\/www.gedichtladen.de\/blog\/wp-json\/wp\/v2\/posts\/2811\/revisions\/2813"}],"wp:attachment":[{"href":"https:\/\/www.gedichtladen.de\/blog\/wp-json\/wp\/v2\/media?parent=2811"}],"wp:term":[{"taxonomy":"category","embeddable":true,"href":"https:\/\/www.gedichtladen.de\/blog\/wp-json\/wp\/v2\/categories?post=2811"},{"taxonomy":"post_tag","embeddable":true,"href":"https:\/\/www.gedichtladen.de\/blog\/wp-json\/wp\/v2\/tags?post=2811"}],"curies":[{"name":"wp","href":"https:\/\/api.w.org\/{rel}","templated":true}]}}