{"id":2808,"date":"2018-01-15T17:20:16","date_gmt":"2018-01-15T15:20:16","guid":{"rendered":"http:\/\/www.gedichtladen.de\/blog\/?p=2808"},"modified":"2023-12-08T22:59:46","modified_gmt":"2023-12-08T20:59:46","slug":"kolumne-kw-02-2018-panoptikum","status":"publish","type":"post","link":"https:\/\/www.gedichtladen.de\/blog\/archive\/2808","title":{"rendered":"Kolumne KW 02 2018 &#8222;Panoptikum&#8220;"},"content":{"rendered":"<p><strong>Panoptikum<\/strong>&nbsp;<\/p>\n<p>Es war eine erste Adresse in Jena, das Steigenberger Esplanade. Schon im Fahrstuhl begegneten uns die ersten Blicke. Es waren Personen, die man wohl schon mal gesehen hatte und ihre Blicke dr\u00fcckten aus, dass sie einen auch schon mal gesehen hatten, aber sich nicht getrauten, den visuellen Eindruck mit einer Erinnerung zusammenzubringen, wo man noch viel j\u00fcnger gewesen war und wahrscheinlich vorteilhafter ausgesehen hatte.<\/p>\n<p><!--more-->In der dritten Etage dann solche Feierabteilungen, hochlehnige gepolsterte B\u00e4nke an den Seiten, auf den Tischen Wasserflaschen und sp\u00e4ter dann halbvolle Sektgl\u00e4ser, die keiner mehr ganz zur Kenntnis nimmt, weil sie im Verdacht stehen, nicht ganz gesund zu sein und man ist ja vorsichtig.<\/p>\n<p>\nDie Gesichter der \u00c4lteren zum gr\u00f6\u00dften Teil versteinert, die der etwas j\u00fcngeren verquollen und erg\u00e4nzt durch entsprechende B\u00e4uche. Auch die Generation der Sch\u00fcler des nunmehr achtzigj\u00e4hrigen Jubilars sind \u00fcberwiegend schon Rentner. Es werden einige Reden gehalten, die sehr unterschiedlicher Qualit\u00e4t sind. Ein ehemaliger Forschungsbereichsleiter meinte von der kalten Kernfusion berichten zu m\u00fcssen und von Isotopen. Damit hatte der Jubilar nun herzlich wenig zu tun und somit die Rede auch nichts mit dem Jubilar. Dann einige gelungene Beitr\u00e4ge, wie ein gereimter Konferenzbericht, der alle kleinen Freuden und N\u00f6te eines solchen zum Ausdruck brachte, einschlie\u00dflich eines Onenightstands mit einer der wenigen Teilnehmerinnen.<\/p>\n<p>\nF\u00fcr mein Gedicht hatte ich den Auftrag, dass es spa\u00dfig sein sollte, was mir aber selten gelingt. \u00dcberhaupt war mir noch nie ein Gedicht f\u00fcr den Jubilar, den ich nun schon dichterisch \u00fcber f\u00fcnfzehn Jahre begleite, gelungen. So wusste das Publikum auch diesmal nichts rechtes mit meinem Beitrag anzufangen und besser lief dann schon die Absingung eines mehrstrophigen Liedes, zu dem ich einen alten Text adaptiert hatte, aber insgesamt war wohl alles eher deplatziert. Jedenfalls nahm keiner Bezug auf diese Beitr\u00e4ge, auch der Jubilar nicht bei der Verabschiedung, und so waren die Stunden Arbeit daran vielleicht wieder einmal umsonst gewesen.<\/p>\n<p>\nMan sollte vielleicht ab einem bestimmten Alter die Dinge lieber auf sich beruhen lassen und bei der Feier den Bezugspunkt wahren, der dann meistens im ganz pers\u00f6nlichen Kreis liegt.<\/p>\n<p>\n<em>Christian Rempel in Zeuthen, den 14.1.2018<\/em><\/p>\n","protected":false},"excerpt":{"rendered":"<p>Panoptikum&nbsp; Es war eine erste Adresse in Jena, das Steigenberger Esplanade. Schon im Fahrstuhl begegneten uns die ersten Blicke. Es waren Personen, die man wohl schon mal gesehen hatte und ihre Blicke dr\u00fcckten aus, dass sie einen auch schon mal&#8230;<br \/><a class=\"read-more-button\" href=\"https:\/\/www.gedichtladen.de\/blog\/archive\/2808\">Mehr Lesen<\/a><\/p>\n","protected":false},"author":1,"featured_media":0,"comment_status":"open","ping_status":"open","sticky":false,"template":"","format":"standard","meta":{"footnotes":""},"categories":[12],"tags":[],"class_list":["post-2808","post","type-post","status-publish","format-standard","hentry","category-kolumne"],"_links":{"self":[{"href":"https:\/\/www.gedichtladen.de\/blog\/wp-json\/wp\/v2\/posts\/2808","targetHints":{"allow":["GET"]}}],"collection":[{"href":"https:\/\/www.gedichtladen.de\/blog\/wp-json\/wp\/v2\/posts"}],"about":[{"href":"https:\/\/www.gedichtladen.de\/blog\/wp-json\/wp\/v2\/types\/post"}],"author":[{"embeddable":true,"href":"https:\/\/www.gedichtladen.de\/blog\/wp-json\/wp\/v2\/users\/1"}],"replies":[{"embeddable":true,"href":"https:\/\/www.gedichtladen.de\/blog\/wp-json\/wp\/v2\/comments?post=2808"}],"version-history":[{"count":2,"href":"https:\/\/www.gedichtladen.de\/blog\/wp-json\/wp\/v2\/posts\/2808\/revisions"}],"predecessor-version":[{"id":2810,"href":"https:\/\/www.gedichtladen.de\/blog\/wp-json\/wp\/v2\/posts\/2808\/revisions\/2810"}],"wp:attachment":[{"href":"https:\/\/www.gedichtladen.de\/blog\/wp-json\/wp\/v2\/media?parent=2808"}],"wp:term":[{"taxonomy":"category","embeddable":true,"href":"https:\/\/www.gedichtladen.de\/blog\/wp-json\/wp\/v2\/categories?post=2808"},{"taxonomy":"post_tag","embeddable":true,"href":"https:\/\/www.gedichtladen.de\/blog\/wp-json\/wp\/v2\/tags?post=2808"}],"curies":[{"name":"wp","href":"https:\/\/api.w.org\/{rel}","templated":true}]}}