{"id":2803,"date":"2018-01-07T13:49:23","date_gmt":"2018-01-07T11:49:23","guid":{"rendered":"http:\/\/www.gedichtladen.de\/blog\/?p=2803"},"modified":"2023-12-08T22:59:46","modified_gmt":"2023-12-08T20:59:46","slug":"kolumne-kw-01-2018-die-werbetrommel","status":"publish","type":"post","link":"https:\/\/www.gedichtladen.de\/blog\/archive\/2803","title":{"rendered":"Kolumne KW 01 2018 &#8222;Die Werbetrommel&#8220;"},"content":{"rendered":"<p><strong>Die Werbetrommel<\/strong>&nbsp;<\/p>\n<p>Da ist im Dezember noch etwas auf den Weg gebracht worden. Seit Mitte November habe ich ja die Funktion des Koordinators des Sch\u00fclerforschungszentrums und eines der Ziele besteht ja darin, es f\u00fcr die Jugendforscher zumindest des Landkreises zu \u00f6ffnen. Da war uns eingefallen, dass man ein Coaching anbieten k\u00f6nnte f\u00fcr die Jugendforscher, die ja jetzt daran sind, ihre Arbeiten zu schreiben und sich im Februar auf die Pr\u00e4sen\u00adtationen vorbereiten, die dann Anfang M\u00e4rz anl\u00e4sslich der Regionalwettbewerbe stattfinden.<\/p>\n<p><!--more-->Es kann ja nicht professionell genug dabei zugehen, denn die Pr\u00e4sentation ist ein wesentlicher Bestandteil der Bewertung der Projekte, wenn ich auch der Meinung bin, dass eher der Inhalt entscheiden sollte und man in den Talenten nicht auch immer die Pr\u00e4sentationstalente vorfin\u00addet.<\/p>\n<p>Wir haben jedenfalls die Firma AMM verpflichten k\u00f6nnen zu vier Terminen im Februar ein solches Coaching durchzuf\u00fchren. Mit der Frau Schwarz, die diese Firma leitet, wurden wir ja anl\u00e4sslich der Ehrung unserer Schule als mintfreundliche bekannt. Es gab auch noch andere Angebote f\u00fcr die Qualifizierung der Forschert\u00e4tig\u00adkeit, aber ihres passte am besten in das Konzept.<\/p>\n<p>\nBis dahin wird noch viel zu tun sein, denn es ist schon immer schwierig, die Jugendlichen zur schriftlichen Darlegung ihrer Gedanken zu bewegen. Das ist dann auch eine Erfahrung, die man erst sp\u00e4ter im Leben macht, dass es sinnvoll ist, die Gedanken wirklich zu Papier zu bringen, weil man dann sp\u00e4ter feststellt, wie schnell man sie dann nicht mehr nachvollziehen kann.<\/p>\n<p>\nJetzt gilt es also erst mal die Werbetrommel f\u00fcr die Veran\u00adstaltungsserie zu r\u00fchren. In das Jugend forscht Netzwerk ist es schon einmal eingespeist worden, aber die Resonanz h\u00e4lt sich in Grenzen. Nat\u00fcrlich k\u00f6nnen wir auch nicht garantieren, dass dieses Coaching f\u00fcr die Teilnehmer wirklich einen merklichen Effekt bringt, aber ohne einen solchen Versuch werden wir das wohl nie erfahren.<\/p>\n<p>\nDann also, liebe Jugendforscher, im Februar mal aufgemacht nach Zeuthen ins SFZ.<\/p>\n<p><em><br \/>\nChristian Rempel in Zeuthen, den 7.1.2018<\/em><\/p>\n","protected":false},"excerpt":{"rendered":"<p>Die Werbetrommel&nbsp; Da ist im Dezember noch etwas auf den Weg gebracht worden. Seit Mitte November habe ich ja die Funktion des Koordinators des Sch\u00fclerforschungszentrums und eines der Ziele besteht ja darin, es f\u00fcr die Jugendforscher zumindest des Landkreises zu&#8230;<br \/><a class=\"read-more-button\" href=\"https:\/\/www.gedichtladen.de\/blog\/archive\/2803\">Mehr Lesen<\/a><\/p>\n","protected":false},"author":1,"featured_media":0,"comment_status":"open","ping_status":"open","sticky":false,"template":"","format":"standard","meta":{"footnotes":""},"categories":[12],"tags":[],"class_list":["post-2803","post","type-post","status-publish","format-standard","hentry","category-kolumne"],"_links":{"self":[{"href":"https:\/\/www.gedichtladen.de\/blog\/wp-json\/wp\/v2\/posts\/2803","targetHints":{"allow":["GET"]}}],"collection":[{"href":"https:\/\/www.gedichtladen.de\/blog\/wp-json\/wp\/v2\/posts"}],"about":[{"href":"https:\/\/www.gedichtladen.de\/blog\/wp-json\/wp\/v2\/types\/post"}],"author":[{"embeddable":true,"href":"https:\/\/www.gedichtladen.de\/blog\/wp-json\/wp\/v2\/users\/1"}],"replies":[{"embeddable":true,"href":"https:\/\/www.gedichtladen.de\/blog\/wp-json\/wp\/v2\/comments?post=2803"}],"version-history":[{"count":2,"href":"https:\/\/www.gedichtladen.de\/blog\/wp-json\/wp\/v2\/posts\/2803\/revisions"}],"predecessor-version":[{"id":2806,"href":"https:\/\/www.gedichtladen.de\/blog\/wp-json\/wp\/v2\/posts\/2803\/revisions\/2806"}],"wp:attachment":[{"href":"https:\/\/www.gedichtladen.de\/blog\/wp-json\/wp\/v2\/media?parent=2803"}],"wp:term":[{"taxonomy":"category","embeddable":true,"href":"https:\/\/www.gedichtladen.de\/blog\/wp-json\/wp\/v2\/categories?post=2803"},{"taxonomy":"post_tag","embeddable":true,"href":"https:\/\/www.gedichtladen.de\/blog\/wp-json\/wp\/v2\/tags?post=2803"}],"curies":[{"name":"wp","href":"https:\/\/api.w.org\/{rel}","templated":true}]}}