{"id":2798,"date":"2017-12-31T00:09:30","date_gmt":"2017-12-30T22:09:30","guid":{"rendered":"http:\/\/www.gedichtladen.de\/blog\/?p=2798"},"modified":"2023-12-08T22:59:46","modified_gmt":"2023-12-08T20:59:46","slug":"kolumne-kw-52-2017-der-wolf-ist-krank","status":"publish","type":"post","link":"https:\/\/www.gedichtladen.de\/blog\/archive\/2798","title":{"rendered":"Kolumne KW 52 2017 &#8222;Der Wolf ist krank&#8220;"},"content":{"rendered":"<p><strong>Der Wolf ist krank<\/strong>&nbsp;<\/p>\n<p>Tats\u00e4chlich gibt es ja wieder W\u00f6lfe in Brandenburg und sie haben gar nicht die beste Presse. Das war auch schon mal Thema eines Kasperst\u00fccks, wo dann im St\u00fcck auch geh\u00f6rig Ferngesehen wurde, wie das eigentlich zu den Feiertagen fast \u00fcberall ist. Auch wer dagegen ein Buch liest oder im Kreise seiner Familie spielt, ist noch nicht ganz so aktiv. Man hat es ja auch meistens verdient, mal eine Pause einzulegen, wenn man im Beruf steht. Anders ist das bei Privatiers oder eben Rentnern, die sich eigentlich ausruhen k\u00f6nnen, wann sie wollen. Von denen kann man schon ein bisschen mehr erwar\u00adten.<\/p>\n<p><!--more-->Und so hatte ich, auf den das schon zutrifft, mir vorgenom\u00admen, mal wieder ein Kasperst\u00fcck zu schreiben, bei dem es wieder mal um den b\u00f6sen Wolf geht, nur dass er diesmal krank ist. Nun gibt es auch einen wirklichen Leitwolf seines Namens, auf den das mit der Krankheit zutrifft, aber an Bosheit gebricht es ihm. Eher steht in Frage, wie mit ihm umgegangen wird, aber im Kaspertheater, f\u00fcr das der Kas\u00adper h\u00f6chstselbst verantwort\u00adlich zeichnet, kommt keiner ins Heim.<\/p>\n<p>\nEin bisschen kann man das auch schon verfremden, und das Unternehmen Kaspertheater ins rechte Licht setzen. Die Puppen sind f\u00fcr diesen Herrn Direktor unersetzlich und da darf weder einer krank sein, noch darf es f\u00fcr einen ans Sterben gehen.<\/p>\n<p>\nDa tun sich dann neue B\u00fcndnisse auf. Sogar Figuren, die schon mal gefressen wurden oder verfolgt waren, sorgen sich um ihren einzigen Wolf. Dass die Hexe ihm mit ihren K\u00fcnsten beispringt, mag einen nicht weitere verwundern, denn sie geh\u00f6rt ja auch zur Kaste der B\u00f6sen. Aber dass sich selbst Gretel \u00fcberwindet und dem b\u00f6sen Tier ins Maul schaut, ist schon nicht mehr so trivial.<\/p>\n<p>\nDie philosophische Dimension des St\u00fcckes steigert sich so weit, dass ein guter oder auch nur bekehrter Wolf gar nicht w\u00fcnschenswert w\u00e4re, eben aus Gr\u00fcnden der Dramatik, von der die Kinder einen ersten Begriff gewinnen und ihnen auch klar bleibt, dass sie in einem Unterhaltungsunternehmen zu Gast sind, wo mindestens eine Million Eintrittsgeld pro Nase erwartet wird, nat\u00fcrlich auf Spendenbasis.<\/p>\n<p>\nPremiere des St\u00fcckes ist am 2. Januar des Jahres 2018. Meistens stellt sich ja erst nach Jahren und Jahrzehnten heraus, wer im Unterbewusstsein der Kids einen bleibenden Platz genommen hat. Vielleicht k\u00f6nnten es ja auch die Darsteller dieses St\u00fcckes sein.<\/p>\n<p>\nProsit Neujahr!<\/p>\n<p>\n<em>Christian Rempel in Zeuthen, den 31.12.2017<\/em><\/p>\n","protected":false},"excerpt":{"rendered":"<p>Der Wolf ist krank&nbsp; Tats\u00e4chlich gibt es ja wieder W\u00f6lfe in Brandenburg und sie haben gar nicht die beste Presse. Das war auch schon mal Thema eines Kasperst\u00fccks, wo dann im St\u00fcck auch geh\u00f6rig Ferngesehen wurde, wie das eigentlich zu&#8230;<br \/><a class=\"read-more-button\" href=\"https:\/\/www.gedichtladen.de\/blog\/archive\/2798\">Mehr Lesen<\/a><\/p>\n","protected":false},"author":1,"featured_media":0,"comment_status":"open","ping_status":"open","sticky":false,"template":"","format":"standard","meta":{"footnotes":""},"categories":[12],"tags":[],"class_list":["post-2798","post","type-post","status-publish","format-standard","hentry","category-kolumne"],"_links":{"self":[{"href":"https:\/\/www.gedichtladen.de\/blog\/wp-json\/wp\/v2\/posts\/2798","targetHints":{"allow":["GET"]}}],"collection":[{"href":"https:\/\/www.gedichtladen.de\/blog\/wp-json\/wp\/v2\/posts"}],"about":[{"href":"https:\/\/www.gedichtladen.de\/blog\/wp-json\/wp\/v2\/types\/post"}],"author":[{"embeddable":true,"href":"https:\/\/www.gedichtladen.de\/blog\/wp-json\/wp\/v2\/users\/1"}],"replies":[{"embeddable":true,"href":"https:\/\/www.gedichtladen.de\/blog\/wp-json\/wp\/v2\/comments?post=2798"}],"version-history":[{"count":2,"href":"https:\/\/www.gedichtladen.de\/blog\/wp-json\/wp\/v2\/posts\/2798\/revisions"}],"predecessor-version":[{"id":2800,"href":"https:\/\/www.gedichtladen.de\/blog\/wp-json\/wp\/v2\/posts\/2798\/revisions\/2800"}],"wp:attachment":[{"href":"https:\/\/www.gedichtladen.de\/blog\/wp-json\/wp\/v2\/media?parent=2798"}],"wp:term":[{"taxonomy":"category","embeddable":true,"href":"https:\/\/www.gedichtladen.de\/blog\/wp-json\/wp\/v2\/categories?post=2798"},{"taxonomy":"post_tag","embeddable":true,"href":"https:\/\/www.gedichtladen.de\/blog\/wp-json\/wp\/v2\/tags?post=2798"}],"curies":[{"name":"wp","href":"https:\/\/api.w.org\/{rel}","templated":true}]}}