{"id":2741,"date":"2017-10-22T12:29:46","date_gmt":"2017-10-22T10:29:46","guid":{"rendered":"http:\/\/www.gedichtladen.de\/blog\/?p=2741"},"modified":"2023-12-08T22:59:47","modified_gmt":"2023-12-08T20:59:47","slug":"kolumne-kw-42-2017-sturmhoehe","status":"publish","type":"post","link":"https:\/\/www.gedichtladen.de\/blog\/archive\/2741","title":{"rendered":"Kolumne KW 42 2017 &#8222;Sturmh\u00f6he&#8220;"},"content":{"rendered":"<p><strong>Sturmh\u00f6he<\/strong>&nbsp;<\/p>\n<p>Am Freitag, den 13. Oktober, gab es eine gemeinsame Veran\u00adstaltung der Bibliothek Zeuthen und der Volkshochschule. Es wurde der Kultroman Jane Eyre besprochen und anschlie\u00dfend der Film gezeigt, den es schon in mehreren Fassungen gibt und diese Verfilmung war von 2013. Die Veranstaltung war leider schlecht besucht, denn es gibt doch noch viele, die den Roman offenbar noch gar nicht kennen.<\/p>\n<p><!--more-->Es war also die Rede von drei Schwestern, die in \u00e4rmlichen Verh\u00e4ltnissen in Nordengland aufgewachsen waren, die ber\u00fchmten Bront\u00eb Schwestern, die alle drei schrieben und alle drei nicht mal das Alter von vierzig Jahren erreichten. Der Vater hatte alle seine insgesamt sechs Kinder \u00fcberlebt. Charlotte lebte noch am l\u00e4ngsten und hatte es auf vier Romane gebracht, w\u00e4hrend Emely, die j\u00fcngste, schon Anfang drei\u00dfig gestorben ist, kurz nach dem einzigen Bruder, der zu einer Maler\u00adlaufbahn bestimmt schien, aber an \u00fcberm\u00e4\u00dfigem Alkoholkonsum und Opiumgenuss starb.<\/p>\n<p>\nJane Eyre von Charlotte z\u00e4hlt zu den ber\u00fchmtesten Frauenroma\u00adnen der englischen Literatur, aber die Referentin hatte angedeutet, dass Sturmh\u00f6he von Emely Bront\u00eb als ein Geheimtipp gilt, weshalb ich es mir auch gleich mal auslieh. Es befand sich im Regal der Weltliteratur, was ich nach den ersten gelesenen Seiten gar nicht glauben wollte, denn entweder war die \u00dcbersetzung sehr schlecht, oder aber die ungelenke Ausdrucksweise ge\u00adh\u00f6r\u00adte schon dem Original an und wurde getreu \u00fcbertragen.<\/p>\n<p>\nDa entspinnt sich nun eine Handlung \u00fcber vier Gene\u00adrationen, ebenfalls in Nordeng\u00adland zwischen zwei Gutsh\u00e4usern, in denen es nicht an Nach\u00adkommenschaft mangelte. Da gibt es denn einen wahren B\u00f6sewicht, der seine entt\u00e4uschte Liebe in Menschenhass gewandelt hatte und seinen Mitmenschen und Nachkommen das Leben zur H\u00f6lle macht. Es gibt da viel Ab- und Zuneigung, und wenn man vom ungelenken Stil absieht, ist wohl das Erstaunlichste, wie sich abgrundtiefe Abneigung dann immer wieder in Zuneigung, je Liebe verwandelt, sodass es am Ende wiederum zu einer gro\u00dfen, aber diesmal erf\u00fcllten Liebe kommt. Obwohl die Bront\u00eb T\u00f6chter alle nicht verheiratet waren, hatten sie wohl eine Idee davon, wie das h\u00e4tte sein k\u00f6nnen. Es wird also viel geliebt, jedenfalls in Bezeigungen, und auch gestorben, wobei es keine Seltenheit ist, dass das an gebrochenem Herzen erfolgt. Das kann man schon mal gelesen haben und insofern sei eine vorsichtige Empfehlung ausge\u00adspro\u00adchen.<\/p>\n<p>\n<em>Christian Rempel in Zeuthen, den 22.10.2017<\/em><\/p>\n","protected":false},"excerpt":{"rendered":"<p>Sturmh\u00f6he&nbsp; Am Freitag, den 13. Oktober, gab es eine gemeinsame Veran\u00adstaltung der Bibliothek Zeuthen und der Volkshochschule. Es wurde der Kultroman Jane Eyre besprochen und anschlie\u00dfend der Film gezeigt, den es schon in mehreren Fassungen gibt und diese Verfilmung war&#8230;<br \/><a class=\"read-more-button\" href=\"https:\/\/www.gedichtladen.de\/blog\/archive\/2741\">Mehr Lesen<\/a><\/p>\n","protected":false},"author":1,"featured_media":0,"comment_status":"open","ping_status":"open","sticky":false,"template":"","format":"standard","meta":{"footnotes":""},"categories":[12],"tags":[],"class_list":["post-2741","post","type-post","status-publish","format-standard","hentry","category-kolumne"],"_links":{"self":[{"href":"https:\/\/www.gedichtladen.de\/blog\/wp-json\/wp\/v2\/posts\/2741","targetHints":{"allow":["GET"]}}],"collection":[{"href":"https:\/\/www.gedichtladen.de\/blog\/wp-json\/wp\/v2\/posts"}],"about":[{"href":"https:\/\/www.gedichtladen.de\/blog\/wp-json\/wp\/v2\/types\/post"}],"author":[{"embeddable":true,"href":"https:\/\/www.gedichtladen.de\/blog\/wp-json\/wp\/v2\/users\/1"}],"replies":[{"embeddable":true,"href":"https:\/\/www.gedichtladen.de\/blog\/wp-json\/wp\/v2\/comments?post=2741"}],"version-history":[{"count":2,"href":"https:\/\/www.gedichtladen.de\/blog\/wp-json\/wp\/v2\/posts\/2741\/revisions"}],"predecessor-version":[{"id":2743,"href":"https:\/\/www.gedichtladen.de\/blog\/wp-json\/wp\/v2\/posts\/2741\/revisions\/2743"}],"wp:attachment":[{"href":"https:\/\/www.gedichtladen.de\/blog\/wp-json\/wp\/v2\/media?parent=2741"}],"wp:term":[{"taxonomy":"category","embeddable":true,"href":"https:\/\/www.gedichtladen.de\/blog\/wp-json\/wp\/v2\/categories?post=2741"},{"taxonomy":"post_tag","embeddable":true,"href":"https:\/\/www.gedichtladen.de\/blog\/wp-json\/wp\/v2\/tags?post=2741"}],"curies":[{"name":"wp","href":"https:\/\/api.w.org\/{rel}","templated":true}]}}