{"id":2738,"date":"2017-10-15T12:17:03","date_gmt":"2017-10-15T10:17:03","guid":{"rendered":"http:\/\/www.gedichtladen.de\/blog\/?p=2738"},"modified":"2023-12-08T22:59:47","modified_gmt":"2023-12-08T20:59:47","slug":"kolumne-kw-41-2017-warme-tage","status":"publish","type":"post","link":"https:\/\/www.gedichtladen.de\/blog\/archive\/2738","title":{"rendered":"Kolumne KW 41 2017 &#8222;Warme Tage&#8220;"},"content":{"rendered":"<p><strong>Warme Tage<\/strong>&nbsp;<\/p>\n<p>Der Sommer hat sich noch mal zur\u00fcckgemeldet. Der Oktober bringt uns noch ein paar warme Tage. Die bunten Bl\u00e4tter gl\u00e4nzen zu Zeiten im Sonnenschein und in der Zossener Gegend sammeln sich die Wildg\u00e4nse und Kraniche zum Flug nach S\u00fcden.<\/p>\n<p><!--more-->Da hatte ich eine Begegnung mit einer Dichterfreundin, die sagte, dass die Rentnertage kurz ausfallen, denn man stehe sp\u00e4ter auf und gehe fr\u00fcher zu Bett. Sie hat gro\u00dfe Freude an der Natur und kann an keinem sp\u00e4ten Bl\u00fctenstand vor\u00fcbergehen, ohne einen f\u00fcr sich mit nach Hause zu nehmen.<\/p>\n<p>\nIch h\u00e4tte gern von meiner gro\u00dfen Dummheit erz\u00e4hlt, dass ich mein Projekt Brain-Like, wie es mein Vater getauft hat, mit einem Motor und einem Beschleunigungssensor zur Lageerkennung aufbauen wollte und schon alle Vorbereitungen dazu getroffen hatte, bis mir dann gestern Vormittag einfiel, dass ein Servo, also ein Stellmotor daf\u00fcr viel besser geeignet ist, woraufhin ich gleich eine Anzahl bestellt hatte. Was ich da noch nicht wusste, dass ein solches Servo gar nicht so einfach anzusteuern ist. Verkauft wird ja vieles, aber bis man dann an die notwendigen Informatio\u00adnen kommt, ein Datenblatt auf dem Schirm hat, ist es manchmal eine ganz sch\u00f6ne Suche. Da stellte sich dann zum Gl\u00fcck heraus, dass eine solche Ansteuerung schon existiert und man nur noch den Drehwinkel eingeben muss und schon stellt sich das Servo auf diese Position, jedenfalls theo\u00adretisch, denn den praktischen Versuch konnte ich noch nicht machen.<\/p>\n<p>\nTrotzdem ist es nicht zu fr\u00fch, den ganzen Vorgang schon als Gl\u00fccksfall aufzufassen, denn alles h\u00e4tte viel schwieriger werden k\u00f6nnen oder eben g\u00e4nzlich unl\u00f6sbar sein.<\/p>\n<p>\nWie das nun aber in die Begeis\u00adterungsrufe \u00fcber die Keilformationen der Wildg\u00e4nse, die meine Bekannte je und je ausbrachte, einstreuen? Das ist g\u00e4nzlich unm\u00f6glich, aber ich habe ja noch meine schweigende Internetle\u00adser\u00adschaft. Da wird sich also auf ein blo\u00dfes Augenzwinkern ein Like Daumen entweder nach oben oder nach unten bewegen, oder in der neutralen Stellung verharren. Das Gehirn steuert dann diesen Daumen mittels Hirnstr\u00f6men, was sich einfacher anh\u00f6rt, als es praktisch ist. Daher kommt eben die Bezeichnung Brain-Like, auf die man in der n\u00e4chsten Jugend forscht Saison schon gespannt sein kann.<\/p>\n<p>\nF\u00fcr das Forschen gibt es wenige Interessenten, dabei gleicht es dem Flug nach S\u00fcden der Wildg\u00e4nse.<\/p>\n<p><em><br \/>\nChristian Rempel in Zeuthen, den 14.10.2017<\/em><\/p>\n","protected":false},"excerpt":{"rendered":"<p>Warme Tage&nbsp; Der Sommer hat sich noch mal zur\u00fcckgemeldet. Der Oktober bringt uns noch ein paar warme Tage. Die bunten Bl\u00e4tter gl\u00e4nzen zu Zeiten im Sonnenschein und in der Zossener Gegend sammeln sich die Wildg\u00e4nse und Kraniche zum Flug nach&#8230;<br \/><a class=\"read-more-button\" href=\"https:\/\/www.gedichtladen.de\/blog\/archive\/2738\">Mehr Lesen<\/a><\/p>\n","protected":false},"author":1,"featured_media":0,"comment_status":"open","ping_status":"open","sticky":false,"template":"","format":"standard","meta":{"footnotes":""},"categories":[12],"tags":[],"class_list":["post-2738","post","type-post","status-publish","format-standard","hentry","category-kolumne"],"_links":{"self":[{"href":"https:\/\/www.gedichtladen.de\/blog\/wp-json\/wp\/v2\/posts\/2738","targetHints":{"allow":["GET"]}}],"collection":[{"href":"https:\/\/www.gedichtladen.de\/blog\/wp-json\/wp\/v2\/posts"}],"about":[{"href":"https:\/\/www.gedichtladen.de\/blog\/wp-json\/wp\/v2\/types\/post"}],"author":[{"embeddable":true,"href":"https:\/\/www.gedichtladen.de\/blog\/wp-json\/wp\/v2\/users\/1"}],"replies":[{"embeddable":true,"href":"https:\/\/www.gedichtladen.de\/blog\/wp-json\/wp\/v2\/comments?post=2738"}],"version-history":[{"count":2,"href":"https:\/\/www.gedichtladen.de\/blog\/wp-json\/wp\/v2\/posts\/2738\/revisions"}],"predecessor-version":[{"id":2740,"href":"https:\/\/www.gedichtladen.de\/blog\/wp-json\/wp\/v2\/posts\/2738\/revisions\/2740"}],"wp:attachment":[{"href":"https:\/\/www.gedichtladen.de\/blog\/wp-json\/wp\/v2\/media?parent=2738"}],"wp:term":[{"taxonomy":"category","embeddable":true,"href":"https:\/\/www.gedichtladen.de\/blog\/wp-json\/wp\/v2\/categories?post=2738"},{"taxonomy":"post_tag","embeddable":true,"href":"https:\/\/www.gedichtladen.de\/blog\/wp-json\/wp\/v2\/tags?post=2738"}],"curies":[{"name":"wp","href":"https:\/\/api.w.org\/{rel}","templated":true}]}}