{"id":2730,"date":"2017-10-01T11:19:43","date_gmt":"2017-10-01T09:19:43","guid":{"rendered":"http:\/\/www.gedichtladen.de\/blog\/?p=2730"},"modified":"2023-12-08T22:59:47","modified_gmt":"2023-12-08T20:59:47","slug":"kolumne-kw-39-2017-der-mann","status":"publish","type":"post","link":"https:\/\/www.gedichtladen.de\/blog\/archive\/2730","title":{"rendered":"Kolumne KW 39 2017 &#8222;Der Mann&#8220;"},"content":{"rendered":"<p><strong>Der Mann, der die Grenze \u00f6ffnete<\/strong>&nbsp;<\/p>\n<p>In drei Wochen hat einer Geburtstag, der mein Bruder ist und zu Zeiten der DDR keine exponierte Stellung innehatte. Als es dann 1989 zur Wende kam, war ich Genosse und hatte an der Demonstration am 4. November teilgenommen, wo auf dem Alexanderplatz Prominente auf\u00adge\u00adtreten waren und was wohl in Berlin die erste freie Meinungs\u00ad\u00e4u\u00dferung war. Der erste Sekret\u00e4r der Bezirksparteileitung G\u00fcnther Schabowski soll in Tr\u00e4nen aufgel\u00f6st gewesen sein, wie mein Freund und ich am n\u00e4chsten Tag, einem Sonntag, erfuhren. Wir hielten ihm unsere Partei\u00addokumente unter die Nase und sagten: \u201eWir sind die Partei!\u201c, worauf er: \u201eNur kein Pathos.\u201c<\/p>\n<p><!--more-->Am Mittwoch war es dann so weit, dass vor dem gro\u00dfen Haus, wie das heutige Au\u00dfenmi\u00adnisterium genannt wurde ca. 17\u00a0000 Genossen standen, die die Nase so voll hatten, dass ihnen die Worte nur so von den Lippen sprudelten. Allerorten wurde abgew\u00e4hlt und es kam ein erdrutschartiger Prozess in Gang, der kaum noch zu beherrschen war. Ich war auch bis einen Tag vor dieser Demo noch frischgek\u00fcrter Grundorga\u00adnisa\u00adtions\u00adsekret\u00e4r, wurde aber am Vorabend wegen der Brenzligkeit der Sache wieder abgew\u00e4hlt. Die Demo wurde im DDR Fern\u00adsehen \u00fcbertragen, wie man sich \u00fcberhaupt verdient machte in diesen Tagen mit einer tollen Berichterstattung.<\/p>\n<p>\nAm n\u00e4chsten Tag hatte ich dann etwas Verfolgungswahn, es war der 9. November, aber war immer noch voller Tatendrang. Es war klar, dass sich das Volk w\u00fcrde versammeln m\u00fcssen, um etwas von der f\u00fchrenden Partei zu erreichen. Ich wandte mich an das Neue Forum, der treibenden Reformkraft, denn das Zentral\u00adkomitee tagte immer noch im gro\u00dfen Haus, aber sie meinten, sie h\u00e4tten f\u00fcr so etwas keinen Durchgriff. Da bat ich alle, die ich kannte, um diesen Schritt, sich dort hinzubegeben und die Meinung kundzutun und der einzige, der kam, war eben mein parteiloser Bruder, sah sich etwas verloren um und traf nicht mal mich an. Aber drinnen war Bewegung. Man konnte sich an den Fingern abz\u00e4hlen, dass das Volk eines Tages erscheinen w\u00fcrde und trat die Flucht nach vorn an. Der Bezirkssekret\u00e4r erkl\u00e4rte die Grenze f\u00fcr ge\u00f6ffnet.<\/p>\n<p>\n<em>Christian Rempel in Zeuthen, den 16.9.2017<\/em><\/p>\n","protected":false},"excerpt":{"rendered":"<p>Der Mann, der die Grenze \u00f6ffnete&nbsp; In drei Wochen hat einer Geburtstag, der mein Bruder ist und zu Zeiten der DDR keine exponierte Stellung innehatte. Als es dann 1989 zur Wende kam, war ich Genosse und hatte an der Demonstration&#8230;<br \/><a class=\"read-more-button\" href=\"https:\/\/www.gedichtladen.de\/blog\/archive\/2730\">Mehr Lesen<\/a><\/p>\n","protected":false},"author":1,"featured_media":0,"comment_status":"open","ping_status":"open","sticky":false,"template":"","format":"standard","meta":{"footnotes":""},"categories":[12],"tags":[],"class_list":["post-2730","post","type-post","status-publish","format-standard","hentry","category-kolumne"],"_links":{"self":[{"href":"https:\/\/www.gedichtladen.de\/blog\/wp-json\/wp\/v2\/posts\/2730","targetHints":{"allow":["GET"]}}],"collection":[{"href":"https:\/\/www.gedichtladen.de\/blog\/wp-json\/wp\/v2\/posts"}],"about":[{"href":"https:\/\/www.gedichtladen.de\/blog\/wp-json\/wp\/v2\/types\/post"}],"author":[{"embeddable":true,"href":"https:\/\/www.gedichtladen.de\/blog\/wp-json\/wp\/v2\/users\/1"}],"replies":[{"embeddable":true,"href":"https:\/\/www.gedichtladen.de\/blog\/wp-json\/wp\/v2\/comments?post=2730"}],"version-history":[{"count":2,"href":"https:\/\/www.gedichtladen.de\/blog\/wp-json\/wp\/v2\/posts\/2730\/revisions"}],"predecessor-version":[{"id":2733,"href":"https:\/\/www.gedichtladen.de\/blog\/wp-json\/wp\/v2\/posts\/2730\/revisions\/2733"}],"wp:attachment":[{"href":"https:\/\/www.gedichtladen.de\/blog\/wp-json\/wp\/v2\/media?parent=2730"}],"wp:term":[{"taxonomy":"category","embeddable":true,"href":"https:\/\/www.gedichtladen.de\/blog\/wp-json\/wp\/v2\/categories?post=2730"},{"taxonomy":"post_tag","embeddable":true,"href":"https:\/\/www.gedichtladen.de\/blog\/wp-json\/wp\/v2\/tags?post=2730"}],"curies":[{"name":"wp","href":"https:\/\/api.w.org\/{rel}","templated":true}]}}