{"id":2726,"date":"2017-09-23T15:32:35","date_gmt":"2017-09-23T13:32:35","guid":{"rendered":"http:\/\/www.gedichtladen.de\/blog\/?p=2726"},"modified":"2023-12-08T22:59:47","modified_gmt":"2023-12-08T20:59:47","slug":"kolumne-kw-38-2017-die-frau","status":"publish","type":"post","link":"https:\/\/www.gedichtladen.de\/blog\/archive\/2726","title":{"rendered":"Kolumne KW 38 2017 &#8222;Die Frau&#8220;"},"content":{"rendered":"<p><strong>Die Frau<\/strong>&nbsp;<\/p>\n<p>Der Sommer war gerade einen Tag zu Ende und wollte sich bei mir in einer Art Kleingrippe verabschieden mit Kopfschmer\u00adzen und Schnupfen, doch der Tag sollte ein besonderer werden.<!--more-->Wenn Krankheiten Ursachen im eigenen Befinden haben, so bestand sie bei mir in der Unf\u00e4higkeit mittels eines eigenen Computerprogramms die serielle Schnittstelle, die heute besser als USB Port bekannt ist, anzusprechen. Man kann ja nicht sehen, was da so vor sich geht, aber ein Arduino zeigt einem freundlicherweise, wann dieser Port bet\u00e4tigt wird und er hatte lange geschwiegen. Zu den Erlebnissen des 22. September geh\u00f6rte es aber, dass die gelbe LED nicht nur kurz aufblitzte, sondern, als ich ein kleines Testprogramm geschrieben hatte, die gr\u00fcne LED auch anzeigte, dass genau ein Zeichen empfangen wurde, n\u00e4mlich ein A.<\/p>\n<p>\nAm Vormittag aber konnte ich einen anderen Erfolg mit einem kleinen Gedicht verbuchen, das unsere Heimperle veranlasst hatte, mich zu dr\u00fccken, und so vom weiblichen Geschlecht verw\u00f6hnt gelang dann auch der Unterricht ganz ausnehmend, bei dem meine drei Sch\u00fcler (zwei waren krank) ihr K\u00f6nnen unter Beweis stellten.<\/p>\n<p>\nDann sollte noch ein Ereignis neben dem vortrefflichen Wetter geschehen, dass ich n\u00e4mlich eine Vernissage besuchte, auf der f\u00fcnf K\u00fcnstler ihre Werke ausstellten. Es war ein ziemliches Gedr\u00e4nge und die erste, die ich sah, war mein Schwarm, allerdings in Begleitung, was nicht weiter verwunderlich ist. Es folgten eine Rede und drei nicht enden wollende Musikst\u00fccke, die auf dem Klavier vorgetragen wurden mit einigem Verve, aber eben die Geduld ein wenig strapazierend, eine Laudatio, nach Stichpunkten frei vorgetragen und dann w\u00e4re eigentlich Schluss gewesen, als mich eine Frau ansprach mit der Nummer, dass wir uns irgendwie kennen k\u00f6nnten. Sie trug einen interessanten Ring und wir unterhielten uns so gut es ging, fast eine Stunde, und das Publikum hatte sich schon merklich gelichtet. Sie k\u00f6nnte Yvonne gehei\u00dfen haben und war viel zu jung f\u00fcr mich, aber falls Du diese Zeilen liest, vielleicht schreibst Du mal. Wie selten ist doch Charme geworden.<\/p>\n<p>\n<em>Christian Rempel in Zeuthen, den 23.9.2017<\/em><\/p>\n","protected":false},"excerpt":{"rendered":"<p>Die Frau&nbsp; Der Sommer war gerade einen Tag zu Ende und wollte sich bei mir in einer Art Kleingrippe verabschieden mit Kopfschmer\u00adzen und Schnupfen, doch der Tag sollte ein besonderer werden.<\/p>\n","protected":false},"author":1,"featured_media":0,"comment_status":"open","ping_status":"open","sticky":false,"template":"","format":"standard","meta":{"footnotes":""},"categories":[12],"tags":[],"class_list":["post-2726","post","type-post","status-publish","format-standard","hentry","category-kolumne"],"_links":{"self":[{"href":"https:\/\/www.gedichtladen.de\/blog\/wp-json\/wp\/v2\/posts\/2726","targetHints":{"allow":["GET"]}}],"collection":[{"href":"https:\/\/www.gedichtladen.de\/blog\/wp-json\/wp\/v2\/posts"}],"about":[{"href":"https:\/\/www.gedichtladen.de\/blog\/wp-json\/wp\/v2\/types\/post"}],"author":[{"embeddable":true,"href":"https:\/\/www.gedichtladen.de\/blog\/wp-json\/wp\/v2\/users\/1"}],"replies":[{"embeddable":true,"href":"https:\/\/www.gedichtladen.de\/blog\/wp-json\/wp\/v2\/comments?post=2726"}],"version-history":[{"count":3,"href":"https:\/\/www.gedichtladen.de\/blog\/wp-json\/wp\/v2\/posts\/2726\/revisions"}],"predecessor-version":[{"id":2732,"href":"https:\/\/www.gedichtladen.de\/blog\/wp-json\/wp\/v2\/posts\/2726\/revisions\/2732"}],"wp:attachment":[{"href":"https:\/\/www.gedichtladen.de\/blog\/wp-json\/wp\/v2\/media?parent=2726"}],"wp:term":[{"taxonomy":"category","embeddable":true,"href":"https:\/\/www.gedichtladen.de\/blog\/wp-json\/wp\/v2\/categories?post=2726"},{"taxonomy":"post_tag","embeddable":true,"href":"https:\/\/www.gedichtladen.de\/blog\/wp-json\/wp\/v2\/tags?post=2726"}],"curies":[{"name":"wp","href":"https:\/\/api.w.org\/{rel}","templated":true}]}}