{"id":2722,"date":"2017-09-17T13:48:33","date_gmt":"2017-09-17T11:48:33","guid":{"rendered":"http:\/\/www.gedichtladen.de\/blog\/?p=2722"},"modified":"2023-12-08T22:59:47","modified_gmt":"2023-12-08T20:59:47","slug":"kolumne-kw-37-2017-vom-wandern","status":"publish","type":"post","link":"https:\/\/www.gedichtladen.de\/blog\/archive\/2722","title":{"rendered":"Kolumne KW 37 2017 &#8222;Vom Wandern&#8220;"},"content":{"rendered":"<p><strong>Vom Wandern<\/strong>&nbsp;<\/p>\n<p>Ist man mit dem Auto unterwegs, dann rauscht die Landschaft an einem vorbei, sodass man bei l\u00e4ngeren Touren noch bis in die Tr\u00e4ume hinein damit zu tun hat. Besser ist es schon mit dem Fahrrad, wenn man nicht gerade behelmt und mit Sonnenbrille durch die Gegend rast. Aber auch den gem\u00fctlicher veranlagten Radfahrer wird kein Passant ansprechen, das geht nur, wenn man zu Fu\u00df unterwegs ist.<!--more--><\/p>\n<p>Eine solche Wanderung habe ich ja im Fr\u00fchjahr vor f\u00fcnf Jahren gemacht und manche Lebensgeschichte ist einem da erz\u00e4hlt worden, als ich zum Beispiel einen Rentner auf dem Rollator sitzend vor einem Altersheim angetroffen habe. Dieser hat mir von seinen fr\u00fcheren Lieben und seinen Knie-OPs erz\u00e4hlt. Oder eine \u00fcber 90J\u00e4hrige, die als lebendes Standbild vor ihrem Haus stand und mir dann die Reste des Eishauses in ihrem Garten zeigte, der einmal eine Gutsg\u00e4rtnerei gewesen ist.<\/p>\n<p>\n\u00dcber diese Wanderung, die man vielleicht nur einmal machen kann, und es schwierig sein k\u00f6nnte, wenn man sich in famili\u00e4rer Bindung befindet, habe ich dann ein Buch geschrieben (Klarheit &#038; Wahn), das aber inzwischen vergriffen ist.<\/p>\n<p>\nMan ist ein bisschen in der N\u00e4he des Asozialen als so ein Wandersbursche, denn es kann einem durchaus passieren, dass man mal kein Quartier findet. Das schafft man dann ohne Internet selbst nicht, und bei mir war es meine Frau, die dann immer mal die Kastanien aus dem Feuer geholt hat, sodass ich immer ein Dach f\u00fcr die Nacht \u00fcber dem Kopf hatte.<\/p>\n<p>\nDiese Wanderung ging bis Guben und zog sich durch touristisch ausreichend erschlossene Gebiete, wie unsere Seenlandschaft im Landkreis Dahme Spreewald, \u00fcber das Schlaubetal bis hinunter nach Eisenh\u00fcttenstadt.<\/p>\n<p>\nSie endete nach vierzehn Tagen, wobei die Heimkehr eigentlich nur ein Zwischenstopp hatte werden sollen, aber das Schicksal hatte anderes vor, was man aus dem Buch erfahren kann.<\/p>\n<p>\nJedenfalls kann man sich gut vorstellen, warum bei Handwerkern auch wieder die Wanderschaft modern wird, wenn vielleicht auch das sog. Wintikum nicht mehr \u00fcblich ist. Das war n\u00e4mlich ein kleines Handgeld daf\u00fcr, wenn die Indienststellung durch einen Meister aus irgendwelchen Gr\u00fcnden abgelehnt wurde. Auch das Fechthandwerk als Pseudonym f\u00fcr das Betteln musste ich noch nicht zur Anwendung bringen. Wollen wir hoffen, dass solche Zeiten nicht auch noch wiederkehren.<\/p>\n<p>\n<em>Christian Rempel in Zeuthen, den 16.9.2017<\/em><\/p>\n","protected":false},"excerpt":{"rendered":"<p>Vom Wandern&nbsp; Ist man mit dem Auto unterwegs, dann rauscht die Landschaft an einem vorbei, sodass man bei l\u00e4ngeren Touren noch bis in die Tr\u00e4ume hinein damit zu tun hat. Besser ist es schon mit dem Fahrrad, wenn man nicht&#8230;<br \/><a class=\"read-more-button\" href=\"https:\/\/www.gedichtladen.de\/blog\/archive\/2722\">Mehr Lesen<\/a><\/p>\n","protected":false},"author":1,"featured_media":0,"comment_status":"open","ping_status":"open","sticky":false,"template":"","format":"standard","meta":{"footnotes":""},"categories":[12],"tags":[],"class_list":["post-2722","post","type-post","status-publish","format-standard","hentry","category-kolumne"],"_links":{"self":[{"href":"https:\/\/www.gedichtladen.de\/blog\/wp-json\/wp\/v2\/posts\/2722","targetHints":{"allow":["GET"]}}],"collection":[{"href":"https:\/\/www.gedichtladen.de\/blog\/wp-json\/wp\/v2\/posts"}],"about":[{"href":"https:\/\/www.gedichtladen.de\/blog\/wp-json\/wp\/v2\/types\/post"}],"author":[{"embeddable":true,"href":"https:\/\/www.gedichtladen.de\/blog\/wp-json\/wp\/v2\/users\/1"}],"replies":[{"embeddable":true,"href":"https:\/\/www.gedichtladen.de\/blog\/wp-json\/wp\/v2\/comments?post=2722"}],"version-history":[{"count":2,"href":"https:\/\/www.gedichtladen.de\/blog\/wp-json\/wp\/v2\/posts\/2722\/revisions"}],"predecessor-version":[{"id":2725,"href":"https:\/\/www.gedichtladen.de\/blog\/wp-json\/wp\/v2\/posts\/2722\/revisions\/2725"}],"wp:attachment":[{"href":"https:\/\/www.gedichtladen.de\/blog\/wp-json\/wp\/v2\/media?parent=2722"}],"wp:term":[{"taxonomy":"category","embeddable":true,"href":"https:\/\/www.gedichtladen.de\/blog\/wp-json\/wp\/v2\/categories?post=2722"},{"taxonomy":"post_tag","embeddable":true,"href":"https:\/\/www.gedichtladen.de\/blog\/wp-json\/wp\/v2\/tags?post=2722"}],"curies":[{"name":"wp","href":"https:\/\/api.w.org\/{rel}","templated":true}]}}